{"id":1301,"date":"2022-10-05T09:17:09","date_gmt":"2022-10-05T09:17:09","guid":{"rendered":"https:\/\/aepedome.net\/biblioteca.digital\/?p=1301"},"modified":"2022-10-05T09:18:13","modified_gmt":"2022-10-05T09:18:13","slug":"outubro-e-o-mes-internacional-da-biblioteca-escolar-mibe","status":"publish","type":"post","link":"https:\/\/aeterrasave.net\/biblioteca.digital\/2022\/10\/05\/outubro-e-o-mes-internacional-da-biblioteca-escolar-mibe\/","title":{"rendered":"Outubro \u00e9 o M\u00eas Internacional da Biblioteca Escolar (MIBE)"},"content":{"rendered":"\n<p class=\"wp-block-paragraph\">Em\u00a0<strong>Portugal<\/strong>, o Dia da Biblioteca Escolar assinala-se na quarta segunda-feira do m\u00eas de outubro, em 2022, dia\u00a0<strong>24\/10<\/strong>. <strong>Vamos celebrar este dia<\/strong> em colabora\u00e7\u00e3o com o 9.\u00ba E e a disciplina de Cidadania!<\/p>\n\n\n\n<p class=\"wp-block-paragraph\">O mote para este ano j\u00e1 est\u00e1 lan\u00e7ado: LER PARA A PAZ E HARMONIA GLOBAIS.<\/p>\n\n\n\n<p class=\"wp-block-paragraph\"><\/p>\n\n\n\n<figure class=\"wp-block-image size-large\"><img fetchpriority=\"high\" decoding=\"async\" width=\"1024\" height=\"306\" src=\"https:\/\/aepedome.net\/biblioteca.digital\/wp-content\/uploads\/2022\/10\/2022-10-05-1024x306.png\" alt=\"\" class=\"wp-image-1302\" srcset=\"https:\/\/aeterrasave.net\/biblioteca.digital\/wp-content\/uploads\/2022\/10\/2022-10-05-1024x306.png 1024w, https:\/\/aeterrasave.net\/biblioteca.digital\/wp-content\/uploads\/2022\/10\/2022-10-05-300x90.png 300w, https:\/\/aeterrasave.net\/biblioteca.digital\/wp-content\/uploads\/2022\/10\/2022-10-05-768x229.png 768w, https:\/\/aeterrasave.net\/biblioteca.digital\/wp-content\/uploads\/2022\/10\/2022-10-05.png 1468w\" sizes=\"(max-width: 1024px) 100vw, 1024px\" \/><\/figure>\n","protected":false},"excerpt":{"rendered":"<p>Em\u00a0Portugal, o Dia da Biblioteca Escolar assinala-se na quarta segunda-feira do m\u00eas de outubro, em 2022, dia\u00a024\/10. Vamos celebrar este dia em colabora\u00e7\u00e3o com o 9.\u00ba E e a disciplina de Cidadania! O mote para este ano j\u00e1 est\u00e1 lan\u00e7ado: LER PARA A PAZ E HARMONIA GLOBAIS.<\/p>\n","protected":false},"author":1,"featured_media":1302,"comment_status":"open","ping_status":"","sticky":false,"template":"","format":"standard","meta":{"footnotes":""},"categories":[54],"tags":[],"class_list":["post-1301","post","type-post","status-publish","format-standard","has-post-thumbnail","hentry","category-noticias-atividades"],"_links":{"self":[{"href":"https:\/\/aeterrasave.net\/biblioteca.digital\/wp-json\/wp\/v2\/posts\/1301","targetHints":{"allow":["GET"]}}],"collection":[{"href":"https:\/\/aeterrasave.net\/biblioteca.digital\/wp-json\/wp\/v2\/posts"}],"about":[{"href":"https:\/\/aeterrasave.net\/biblioteca.digital\/wp-json\/wp\/v2\/types\/post"}],"author":[{"embeddable":true,"href":"https:\/\/aeterrasave.net\/biblioteca.digital\/wp-json\/wp\/v2\/users\/1"}],"replies":[{"embeddable":true,"href":"https:\/\/aeterrasave.net\/biblioteca.digital\/wp-json\/wp\/v2\/comments?post=1301"}],"version-history":[{"count":2,"href":"https:\/\/aeterrasave.net\/biblioteca.digital\/wp-json\/wp\/v2\/posts\/1301\/revisions"}],"predecessor-version":[{"id":1304,"href":"https:\/\/aeterrasave.net\/biblioteca.digital\/wp-json\/wp\/v2\/posts\/1301\/revisions\/1304"}],"wp:featuredmedia":[{"embeddable":true,"href":"https:\/\/aeterrasave.net\/biblioteca.digital\/wp-json\/wp\/v2\/media\/1302"}],"wp:attachment":[{"href":"https:\/\/aeterrasave.net\/biblioteca.digital\/wp-json\/wp\/v2\/media?parent=1301"}],"wp:term":[{"taxonomy":"category","embeddable":true,"href":"https:\/\/aeterrasave.net\/biblioteca.digital\/wp-json\/wp\/v2\/categories?post=1301"},{"taxonomy":"post_tag","embeddable":true,"href":"https:\/\/aeterrasave.net\/biblioteca.digital\/wp-json\/wp\/v2\/tags?post=1301"}],"curies":[{"name":"wp","href":"https:\/\/api.w.org\/{rel}","templated":true}]}}