{"id":1305,"date":"2022-10-06T16:03:04","date_gmt":"2022-10-06T16:03:04","guid":{"rendered":"https:\/\/aepedome.net\/biblioteca.digital\/?p=1305"},"modified":"2022-10-08T18:34:12","modified_gmt":"2022-10-08T18:34:12","slug":"visita-ao-polo-de-riba-de-ave-da-biblioteca-municipal","status":"publish","type":"post","link":"https:\/\/aeterrasave.net\/biblioteca.digital\/2022\/10\/06\/visita-ao-polo-de-riba-de-ave-da-biblioteca-municipal\/","title":{"rendered":"Visita ao p\u00f3lo de Riba de Ave da biblioteca municipal"},"content":{"rendered":"\n<figure class=\"wp-block-video\"><video height=\"480\" style=\"aspect-ratio: 640 \/ 480;\" width=\"640\" controls poster=\"https:\/\/aepedome.net\/biblioteca.digital\/wp-content\/uploads\/2022\/10\/20221006_153254-scaled.jpg\" src=\"https:\/\/aepedome.net\/biblioteca.digital\/wp-content\/uploads\/2022\/10\/20221006_162746_249664109617657.mp4\"><\/video><\/figure>\n\n\n\n<p class=\"wp-block-paragraph\">Os alunos do 3.\u00ba ano (turma D) visitaram na tarde de hoje, no tempo de AEC Biblioteca,&nbsp; o P\u00f3lo de Riba de Ave da Biblioteca Municipal.&nbsp;<\/p>\n\n\n\n<p class=\"wp-block-paragraph\">Guiados pelo t\u00e9cnico bibliotec\u00e1rio Pedro visitaram as diversas sec\u00e7\u00f5es e espa\u00e7os da Biblioteca P\u00fablica vizinha da Escola B\u00e1sica de Riba de Ave.<\/p>\n\n\n\n<figure class=\"wp-block-gallery has-nested-images columns-default is-cropped wp-block-gallery-1 is-layout-flex wp-block-gallery-is-layout-flex\">\n<figure class=\"wp-block-image size-large\"><img fetchpriority=\"high\" decoding=\"async\" width=\"1024\" height=\"768\" data-id=\"1306\" src=\"https:\/\/aepedome.net\/biblioteca.digital\/wp-content\/uploads\/2022\/10\/20221006_153104-1024x768.jpg\" alt=\"\" class=\"wp-image-1306\" srcset=\"https:\/\/aeterrasave.net\/biblioteca.digital\/wp-content\/uploads\/2022\/10\/20221006_153104-1024x768.jpg 1024w, https:\/\/aeterrasave.net\/biblioteca.digital\/wp-content\/uploads\/2022\/10\/20221006_153104-300x225.jpg 300w, https:\/\/aeterrasave.net\/biblioteca.digital\/wp-content\/uploads\/2022\/10\/20221006_153104-768x576.jpg 768w, https:\/\/aeterrasave.net\/biblioteca.digital\/wp-content\/uploads\/2022\/10\/20221006_153104-1536x1152.jpg 1536w, https:\/\/aeterrasave.net\/biblioteca.digital\/wp-content\/uploads\/2022\/10\/20221006_153104-2048x1536.jpg 2048w\" sizes=\"(max-width: 1024px) 100vw, 1024px\" \/><\/figure>\n<\/figure>\n\n\n\n<figure class=\"wp-block-image size-large\"><img decoding=\"async\" width=\"768\" height=\"1024\" src=\"https:\/\/aepedome.net\/biblioteca.digital\/wp-content\/uploads\/2022\/10\/20221006_153254-768x1024.jpg\" alt=\"\" class=\"wp-image-1307\" srcset=\"https:\/\/aeterrasave.net\/biblioteca.digital\/wp-content\/uploads\/2022\/10\/20221006_153254-768x1024.jpg 768w, https:\/\/aeterrasave.net\/biblioteca.digital\/wp-content\/uploads\/2022\/10\/20221006_153254-225x300.jpg 225w, https:\/\/aeterrasave.net\/biblioteca.digital\/wp-content\/uploads\/2022\/10\/20221006_153254-1152x1536.jpg 1152w, https:\/\/aeterrasave.net\/biblioteca.digital\/wp-content\/uploads\/2022\/10\/20221006_153254-1536x2048.jpg 1536w, https:\/\/aeterrasave.net\/biblioteca.digital\/wp-content\/uploads\/2022\/10\/20221006_153254-scaled.jpg 1920w\" sizes=\"(max-width: 768px) 100vw, 768px\" \/><\/figure>\n","protected":false},"excerpt":{"rendered":"<p>Os alunos do 3.\u00ba ano (turma D) visitaram na tarde de hoje, no tempo de AEC Biblioteca,&nbsp; o P\u00f3lo de Riba de Ave da Biblioteca Municipal.&nbsp; Guiados pelo t\u00e9cnico bibliotec\u00e1rio Pedro visitaram as diversas sec\u00e7\u00f5es e espa\u00e7os da Biblioteca P\u00fablica vizinha da Escola B\u00e1sica de Riba de Ave.<\/p>\n","protected":false},"author":1,"featured_media":1307,"comment_status":"open","ping_status":"","sticky":false,"template":"","format":"standard","meta":{"footnotes":""},"categories":[54],"tags":[],"class_list":["post-1305","post","type-post","status-publish","format-standard","has-post-thumbnail","hentry","category-noticias-atividades"],"_links":{"self":[{"href":"https:\/\/aeterrasave.net\/biblioteca.digital\/wp-json\/wp\/v2\/posts\/1305","targetHints":{"allow":["GET"]}}],"collection":[{"href":"https:\/\/aeterrasave.net\/biblioteca.digital\/wp-json\/wp\/v2\/posts"}],"about":[{"href":"https:\/\/aeterrasave.net\/biblioteca.digital\/wp-json\/wp\/v2\/types\/post"}],"author":[{"embeddable":true,"href":"https:\/\/aeterrasave.net\/biblioteca.digital\/wp-json\/wp\/v2\/users\/1"}],"replies":[{"embeddable":true,"href":"https:\/\/aeterrasave.net\/biblioteca.digital\/wp-json\/wp\/v2\/comments?post=1305"}],"version-history":[{"count":3,"href":"https:\/\/aeterrasave.net\/biblioteca.digital\/wp-json\/wp\/v2\/posts\/1305\/revisions"}],"predecessor-version":[{"id":1314,"href":"https:\/\/aeterrasave.net\/biblioteca.digital\/wp-json\/wp\/v2\/posts\/1305\/revisions\/1314"}],"wp:featuredmedia":[{"embeddable":true,"href":"https:\/\/aeterrasave.net\/biblioteca.digital\/wp-json\/wp\/v2\/media\/1307"}],"wp:attachment":[{"href":"https:\/\/aeterrasave.net\/biblioteca.digital\/wp-json\/wp\/v2\/media?parent=1305"}],"wp:term":[{"taxonomy":"category","embeddable":true,"href":"https:\/\/aeterrasave.net\/biblioteca.digital\/wp-json\/wp\/v2\/categories?post=1305"},{"taxonomy":"post_tag","embeddable":true,"href":"https:\/\/aeterrasave.net\/biblioteca.digital\/wp-json\/wp\/v2\/tags?post=1305"}],"curies":[{"name":"wp","href":"https:\/\/api.w.org\/{rel}","templated":true}]}}