{"id":1679,"date":"2023-01-16T20:08:32","date_gmt":"2023-01-16T20:08:32","guid":{"rendered":"https:\/\/aepedome.net\/biblioteca.digital\/?p=1679"},"modified":"2023-01-16T20:10:51","modified_gmt":"2023-01-16T20:10:51","slug":"cnl-provas-a-nivel-de-escola-do-1-o-ciclo","status":"publish","type":"post","link":"https:\/\/aeterrasave.net\/biblioteca.digital\/2023\/01\/16\/cnl-provas-a-nivel-de-escola-do-1-o-ciclo\/","title":{"rendered":"CNL &#8211; prova a n\u00edvel de escola do 1.\u00ba ciclo"},"content":{"rendered":"\n<p>Realizou-se no dia desta 11 de janeiro, a Prova a n\u00edvel de Escola, no \u00e2mbito do Concurso Nacional de Leitura. Os alunos responderam a um question\u00e1rio sobre a obra de Jos\u00e9 Saramago &#8221; A maior Flor do Mundo&#8221;. O autor foi escolhido pelos professores bibliotec\u00e1rios do agrupamento  por ter decorrido o Centen\u00e1rio do seu nascimento em 2022. Nas imagens, alunos do 4.\u00ba ano da EB de Del\u00e3es a realizarem a Prova em suporte digital.<\/p>\n\n\n\n<figure class=\"wp-block-gallery has-nested-images columns-default is-cropped wp-block-gallery-1 is-layout-flex wp-block-gallery-is-layout-flex\">\n<figure class=\"wp-block-image size-large\"><img fetchpriority=\"high\" decoding=\"async\" width=\"1024\" height=\"768\" data-id=\"1682\" src=\"https:\/\/aepedome.net\/biblioteca.digital\/wp-content\/uploads\/2023\/01\/IMG-20230111-WA0019-1024x768.jpg\" alt=\"\" class=\"wp-image-1682\" srcset=\"https:\/\/aeterrasave.net\/biblioteca.digital\/wp-content\/uploads\/2023\/01\/IMG-20230111-WA0019-1024x768.jpg 1024w, https:\/\/aeterrasave.net\/biblioteca.digital\/wp-content\/uploads\/2023\/01\/IMG-20230111-WA0019-300x225.jpg 300w, https:\/\/aeterrasave.net\/biblioteca.digital\/wp-content\/uploads\/2023\/01\/IMG-20230111-WA0019-768x576.jpg 768w, https:\/\/aeterrasave.net\/biblioteca.digital\/wp-content\/uploads\/2023\/01\/IMG-20230111-WA0019-1536x1152.jpg 1536w, https:\/\/aeterrasave.net\/biblioteca.digital\/wp-content\/uploads\/2023\/01\/IMG-20230111-WA0019.jpg 2048w\" sizes=\"(max-width: 1024px) 100vw, 1024px\" \/><\/figure>\n\n\n\n<figure class=\"wp-block-image size-large\"><img decoding=\"async\" width=\"1024\" height=\"768\" data-id=\"1680\" src=\"https:\/\/aepedome.net\/biblioteca.digital\/wp-content\/uploads\/2023\/01\/IMG-20230111-WA0018-1024x768.jpg\" alt=\"\" class=\"wp-image-1680\" srcset=\"https:\/\/aeterrasave.net\/biblioteca.digital\/wp-content\/uploads\/2023\/01\/IMG-20230111-WA0018-1024x768.jpg 1024w, https:\/\/aeterrasave.net\/biblioteca.digital\/wp-content\/uploads\/2023\/01\/IMG-20230111-WA0018-300x225.jpg 300w, https:\/\/aeterrasave.net\/biblioteca.digital\/wp-content\/uploads\/2023\/01\/IMG-20230111-WA0018-768x576.jpg 768w, https:\/\/aeterrasave.net\/biblioteca.digital\/wp-content\/uploads\/2023\/01\/IMG-20230111-WA0018-1536x1152.jpg 1536w, https:\/\/aeterrasave.net\/biblioteca.digital\/wp-content\/uploads\/2023\/01\/IMG-20230111-WA0018.jpg 2048w\" sizes=\"(max-width: 1024px) 100vw, 1024px\" \/><\/figure>\n\n\n\n<figure class=\"wp-block-image size-large\"><img decoding=\"async\" width=\"1024\" height=\"768\" data-id=\"1681\" src=\"https:\/\/aepedome.net\/biblioteca.digital\/wp-content\/uploads\/2023\/01\/IMG-20230111-WA0020-1024x768.jpg\" alt=\"\" class=\"wp-image-1681\" srcset=\"https:\/\/aeterrasave.net\/biblioteca.digital\/wp-content\/uploads\/2023\/01\/IMG-20230111-WA0020-1024x768.jpg 1024w, https:\/\/aeterrasave.net\/biblioteca.digital\/wp-content\/uploads\/2023\/01\/IMG-20230111-WA0020-300x225.jpg 300w, https:\/\/aeterrasave.net\/biblioteca.digital\/wp-content\/uploads\/2023\/01\/IMG-20230111-WA0020-768x576.jpg 768w, https:\/\/aeterrasave.net\/biblioteca.digital\/wp-content\/uploads\/2023\/01\/IMG-20230111-WA0020-1536x1152.jpg 1536w, https:\/\/aeterrasave.net\/biblioteca.digital\/wp-content\/uploads\/2023\/01\/IMG-20230111-WA0020.jpg 2048w\" sizes=\"(max-width: 1024px) 100vw, 1024px\" \/><\/figure>\n<\/figure>\n","protected":false},"excerpt":{"rendered":"<p>Realizou-se no dia desta 11 de janeiro, a Prova a n\u00edvel de Escola, no \u00e2mbito do Concurso Nacional de Leitura. Os alunos responderam a um question\u00e1rio sobre a obra de Jos\u00e9 Saramago &#8221; A maior Flor do Mundo&#8221;. O autor foi escolhido pelos professores bibliotec\u00e1rios do agrupamento por ter decorrido o Centen\u00e1rio do seu nascimento &hellip; <a href=\"https:\/\/aeterrasave.net\/biblioteca.digital\/2023\/01\/16\/cnl-provas-a-nivel-de-escola-do-1-o-ciclo\/\" class=\"more-link\">Continuar a ler<span class=\"screen-reader-text\">CNL &#8211; prova a n\u00edvel de escola do 1.\u00ba ciclo<\/span> <span class=\"meta-nav\">&rarr;<\/span><\/a><\/p>\n","protected":false},"author":1,"featured_media":1682,"comment_status":"open","ping_status":"","sticky":false,"template":"","format":"standard","meta":{"footnotes":""},"categories":[54],"tags":[66],"class_list":["post-1679","post","type-post","status-publish","format-standard","has-post-thumbnail","hentry","category-noticias-atividades","tag-cnl"],"_links":{"self":[{"href":"https:\/\/aeterrasave.net\/biblioteca.digital\/wp-json\/wp\/v2\/posts\/1679","targetHints":{"allow":["GET"]}}],"collection":[{"href":"https:\/\/aeterrasave.net\/biblioteca.digital\/wp-json\/wp\/v2\/posts"}],"about":[{"href":"https:\/\/aeterrasave.net\/biblioteca.digital\/wp-json\/wp\/v2\/types\/post"}],"author":[{"embeddable":true,"href":"https:\/\/aeterrasave.net\/biblioteca.digital\/wp-json\/wp\/v2\/users\/1"}],"replies":[{"embeddable":true,"href":"https:\/\/aeterrasave.net\/biblioteca.digital\/wp-json\/wp\/v2\/comments?post=1679"}],"version-history":[{"count":2,"href":"https:\/\/aeterrasave.net\/biblioteca.digital\/wp-json\/wp\/v2\/posts\/1679\/revisions"}],"predecessor-version":[{"id":1685,"href":"https:\/\/aeterrasave.net\/biblioteca.digital\/wp-json\/wp\/v2\/posts\/1679\/revisions\/1685"}],"wp:featuredmedia":[{"embeddable":true,"href":"https:\/\/aeterrasave.net\/biblioteca.digital\/wp-json\/wp\/v2\/media\/1682"}],"wp:attachment":[{"href":"https:\/\/aeterrasave.net\/biblioteca.digital\/wp-json\/wp\/v2\/media?parent=1679"}],"wp:term":[{"taxonomy":"category","embeddable":true,"href":"https:\/\/aeterrasave.net\/biblioteca.digital\/wp-json\/wp\/v2\/categories?post=1679"},{"taxonomy":"post_tag","embeddable":true,"href":"https:\/\/aeterrasave.net\/biblioteca.digital\/wp-json\/wp\/v2\/tags?post=1679"}],"curies":[{"name":"wp","href":"https:\/\/api.w.org\/{rel}","templated":true}]}}