{"id":1686,"date":"2023-01-16T20:15:48","date_gmt":"2023-01-16T20:15:48","guid":{"rendered":"https:\/\/aepedome.net\/biblioteca.digital\/?p=1686"},"modified":"2023-01-16T20:15:48","modified_gmt":"2023-01-16T20:15:48","slug":"cnl-prova-a-nivel-de-escola-do-2-o-ciclo","status":"publish","type":"post","link":"https:\/\/aeterrasave.net\/biblioteca.digital\/2023\/01\/16\/cnl-prova-a-nivel-de-escola-do-2-o-ciclo\/","title":{"rendered":"CNL  &#8211; prova a n\u00edvel de escola do 2.\u00ba ciclo"},"content":{"rendered":"\n<p>Realizou-se no dia 11 de janeiro, a Prova a n\u00edvel de Escola, no \u00e2mbito do Concurso Nacional de Leitura. Os alunos responderam a um question\u00e1rio sobre a obra de Sophia de Mello Breyner Andresen\u201d A Fada Oriana\u201d.  Nas imagens, alunos do 2.\u00ba ciclo da EB de Pedoem a realizarem a Prova em suporte digital.<\/p>\n\n\n\n<figure class=\"wp-block-gallery has-nested-images columns-default is-cropped wp-block-gallery-1 is-layout-flex wp-block-gallery-is-layout-flex\">\n<figure class=\"wp-block-image size-large\"><img fetchpriority=\"high\" decoding=\"async\" width=\"1024\" height=\"768\" data-id=\"1687\" src=\"https:\/\/aepedome.net\/biblioteca.digital\/wp-content\/uploads\/2023\/01\/IMG_20230111_144556-1024x768.jpg\" alt=\"\" class=\"wp-image-1687\" srcset=\"https:\/\/aeterrasave.net\/biblioteca.digital\/wp-content\/uploads\/2023\/01\/IMG_20230111_144556-1024x768.jpg 1024w, https:\/\/aeterrasave.net\/biblioteca.digital\/wp-content\/uploads\/2023\/01\/IMG_20230111_144556-300x225.jpg 300w, https:\/\/aeterrasave.net\/biblioteca.digital\/wp-content\/uploads\/2023\/01\/IMG_20230111_144556-768x576.jpg 768w, https:\/\/aeterrasave.net\/biblioteca.digital\/wp-content\/uploads\/2023\/01\/IMG_20230111_144556-1536x1152.jpg 1536w, https:\/\/aeterrasave.net\/biblioteca.digital\/wp-content\/uploads\/2023\/01\/IMG_20230111_144556-2048x1536.jpg 2048w\" sizes=\"(max-width: 1024px) 100vw, 1024px\" \/><\/figure>\n\n\n\n<figure class=\"wp-block-image size-large\"><img decoding=\"async\" width=\"1024\" height=\"768\" data-id=\"1688\" src=\"https:\/\/aepedome.net\/biblioteca.digital\/wp-content\/uploads\/2023\/01\/IMG_20230111_150049-1024x768.jpg\" alt=\"\" class=\"wp-image-1688\" srcset=\"https:\/\/aeterrasave.net\/biblioteca.digital\/wp-content\/uploads\/2023\/01\/IMG_20230111_150049-1024x768.jpg 1024w, https:\/\/aeterrasave.net\/biblioteca.digital\/wp-content\/uploads\/2023\/01\/IMG_20230111_150049-300x225.jpg 300w, https:\/\/aeterrasave.net\/biblioteca.digital\/wp-content\/uploads\/2023\/01\/IMG_20230111_150049-768x576.jpg 768w, https:\/\/aeterrasave.net\/biblioteca.digital\/wp-content\/uploads\/2023\/01\/IMG_20230111_150049-1536x1152.jpg 1536w, https:\/\/aeterrasave.net\/biblioteca.digital\/wp-content\/uploads\/2023\/01\/IMG_20230111_150049-2048x1536.jpg 2048w\" sizes=\"(max-width: 1024px) 100vw, 1024px\" \/><\/figure>\n<\/figure>\n","protected":false},"excerpt":{"rendered":"<p>Realizou-se no dia 11 de janeiro, a Prova a n\u00edvel de Escola, no \u00e2mbito do Concurso Nacional de Leitura. Os alunos responderam a um question\u00e1rio sobre a obra de Sophia de Mello Breyner Andresen\u201d A Fada Oriana\u201d. Nas imagens, alunos do 2.\u00ba ciclo da EB de Pedoem a realizarem a Prova em suporte digital.<\/p>\n","protected":false},"author":1,"featured_media":1687,"comment_status":"open","ping_status":"","sticky":false,"template":"","format":"standard","meta":{"footnotes":""},"categories":[54],"tags":[66],"class_list":["post-1686","post","type-post","status-publish","format-standard","has-post-thumbnail","hentry","category-noticias-atividades","tag-cnl"],"_links":{"self":[{"href":"https:\/\/aeterrasave.net\/biblioteca.digital\/wp-json\/wp\/v2\/posts\/1686","targetHints":{"allow":["GET"]}}],"collection":[{"href":"https:\/\/aeterrasave.net\/biblioteca.digital\/wp-json\/wp\/v2\/posts"}],"about":[{"href":"https:\/\/aeterrasave.net\/biblioteca.digital\/wp-json\/wp\/v2\/types\/post"}],"author":[{"embeddable":true,"href":"https:\/\/aeterrasave.net\/biblioteca.digital\/wp-json\/wp\/v2\/users\/1"}],"replies":[{"embeddable":true,"href":"https:\/\/aeterrasave.net\/biblioteca.digital\/wp-json\/wp\/v2\/comments?post=1686"}],"version-history":[{"count":1,"href":"https:\/\/aeterrasave.net\/biblioteca.digital\/wp-json\/wp\/v2\/posts\/1686\/revisions"}],"predecessor-version":[{"id":1689,"href":"https:\/\/aeterrasave.net\/biblioteca.digital\/wp-json\/wp\/v2\/posts\/1686\/revisions\/1689"}],"wp:featuredmedia":[{"embeddable":true,"href":"https:\/\/aeterrasave.net\/biblioteca.digital\/wp-json\/wp\/v2\/media\/1687"}],"wp:attachment":[{"href":"https:\/\/aeterrasave.net\/biblioteca.digital\/wp-json\/wp\/v2\/media?parent=1686"}],"wp:term":[{"taxonomy":"category","embeddable":true,"href":"https:\/\/aeterrasave.net\/biblioteca.digital\/wp-json\/wp\/v2\/categories?post=1686"},{"taxonomy":"post_tag","embeddable":true,"href":"https:\/\/aeterrasave.net\/biblioteca.digital\/wp-json\/wp\/v2\/tags?post=1686"}],"curies":[{"name":"wp","href":"https:\/\/api.w.org\/{rel}","templated":true}]}}