{"id":1691,"date":"2023-01-16T20:35:44","date_gmt":"2023-01-16T20:35:44","guid":{"rendered":"https:\/\/aepedome.net\/biblioteca.digital\/?p=1691"},"modified":"2023-01-16T20:35:44","modified_gmt":"2023-01-16T20:35:44","slug":"reuniao-do-grupo-de-trabalho-das-bibliotecas-de-famalicao","status":"publish","type":"post","link":"https:\/\/aeterrasave.net\/biblioteca.digital\/2023\/01\/16\/reuniao-do-grupo-de-trabalho-das-bibliotecas-de-famalicao\/","title":{"rendered":"Reuni\u00e3o do Grupo de Trabalho das Bibliotecas de Famalic\u00e3o"},"content":{"rendered":"\n<p>Decorreu hoje a reuni\u00e3o mensal do GTBF na EB Bernardino Machado em Joane. Para al\u00e9m da simpatia das professoras bibliotec\u00e1rias da escola fomos tamb\u00e9m recebidos por um grupo de &#8220;trovadores&#8221; que cantaram as janeiras!<\/p>\n\n\n\n<figure class=\"wp-block-gallery has-nested-images columns-default is-cropped wp-block-gallery-1 is-layout-flex wp-block-gallery-is-layout-flex\">\n<figure class=\"wp-block-image size-large\"><img fetchpriority=\"high\" decoding=\"async\" width=\"1024\" height=\"768\" data-id=\"1693\" src=\"https:\/\/aepedome.net\/biblioteca.digital\/wp-content\/uploads\/2023\/01\/IMG-20230116-WA0005-1024x768.jpg\" alt=\"\" class=\"wp-image-1693\" srcset=\"https:\/\/aeterrasave.net\/biblioteca.digital\/wp-content\/uploads\/2023\/01\/IMG-20230116-WA0005-1024x768.jpg 1024w, https:\/\/aeterrasave.net\/biblioteca.digital\/wp-content\/uploads\/2023\/01\/IMG-20230116-WA0005-300x225.jpg 300w, https:\/\/aeterrasave.net\/biblioteca.digital\/wp-content\/uploads\/2023\/01\/IMG-20230116-WA0005-768x576.jpg 768w, https:\/\/aeterrasave.net\/biblioteca.digital\/wp-content\/uploads\/2023\/01\/IMG-20230116-WA0005.jpg 1304w\" sizes=\"(max-width: 1024px) 100vw, 1024px\" \/><\/figure>\n\n\n\n<figure class=\"wp-block-image size-large\"><img decoding=\"async\" width=\"1024\" height=\"768\" data-id=\"1692\" src=\"https:\/\/aepedome.net\/biblioteca.digital\/wp-content\/uploads\/2023\/01\/IMG-20230116-WA0004-1024x768.jpg\" alt=\"\" class=\"wp-image-1692\" srcset=\"https:\/\/aeterrasave.net\/biblioteca.digital\/wp-content\/uploads\/2023\/01\/IMG-20230116-WA0004-1024x768.jpg 1024w, https:\/\/aeterrasave.net\/biblioteca.digital\/wp-content\/uploads\/2023\/01\/IMG-20230116-WA0004-300x225.jpg 300w, https:\/\/aeterrasave.net\/biblioteca.digital\/wp-content\/uploads\/2023\/01\/IMG-20230116-WA0004-768x576.jpg 768w, https:\/\/aeterrasave.net\/biblioteca.digital\/wp-content\/uploads\/2023\/01\/IMG-20230116-WA0004-1536x1152.jpg 1536w, https:\/\/aeterrasave.net\/biblioteca.digital\/wp-content\/uploads\/2023\/01\/IMG-20230116-WA0004.jpg 1600w\" sizes=\"(max-width: 1024px) 100vw, 1024px\" \/><\/figure>\n\n\n\n<figure class=\"wp-block-image size-large\"><img decoding=\"async\" width=\"1024\" height=\"768\" data-id=\"1694\" src=\"https:\/\/aepedome.net\/biblioteca.digital\/wp-content\/uploads\/2023\/01\/IMG-20230116-WA0003-1024x768.jpg\" alt=\"\" class=\"wp-image-1694\" srcset=\"https:\/\/aeterrasave.net\/biblioteca.digital\/wp-content\/uploads\/2023\/01\/IMG-20230116-WA0003-1024x768.jpg 1024w, https:\/\/aeterrasave.net\/biblioteca.digital\/wp-content\/uploads\/2023\/01\/IMG-20230116-WA0003-300x225.jpg 300w, https:\/\/aeterrasave.net\/biblioteca.digital\/wp-content\/uploads\/2023\/01\/IMG-20230116-WA0003-768x576.jpg 768w, https:\/\/aeterrasave.net\/biblioteca.digital\/wp-content\/uploads\/2023\/01\/IMG-20230116-WA0003-1536x1152.jpg 1536w, https:\/\/aeterrasave.net\/biblioteca.digital\/wp-content\/uploads\/2023\/01\/IMG-20230116-WA0003.jpg 1600w\" sizes=\"(max-width: 1024px) 100vw, 1024px\" \/><\/figure>\n<\/figure>\n\n\n\n<figure class=\"wp-block-video\"><video height=\"352\" style=\"aspect-ratio: 640 \/ 352;\" width=\"640\" controls src=\"https:\/\/aepedome.net\/biblioteca.digital\/wp-content\/uploads\/2023\/01\/CORTAR_20230116_201844.mp4\"><\/video><\/figure>\n","protected":false},"excerpt":{"rendered":"<p>Decorreu hoje a reuni\u00e3o mensal do GTBF na EB Bernardino Machado em Joane. Para al\u00e9m da simpatia das professoras bibliotec\u00e1rias da escola fomos tamb\u00e9m recebidos por um grupo de &#8220;trovadores&#8221; que cantaram as janeiras!<\/p>\n","protected":false},"author":1,"featured_media":1692,"comment_status":"open","ping_status":"","sticky":false,"template":"","format":"standard","meta":{"footnotes":""},"categories":[54],"tags":[90],"class_list":["post-1691","post","type-post","status-publish","format-standard","has-post-thumbnail","hentry","category-noticias-atividades","tag-reuniao-gtbf"],"_links":{"self":[{"href":"https:\/\/aeterrasave.net\/biblioteca.digital\/wp-json\/wp\/v2\/posts\/1691","targetHints":{"allow":["GET"]}}],"collection":[{"href":"https:\/\/aeterrasave.net\/biblioteca.digital\/wp-json\/wp\/v2\/posts"}],"about":[{"href":"https:\/\/aeterrasave.net\/biblioteca.digital\/wp-json\/wp\/v2\/types\/post"}],"author":[{"embeddable":true,"href":"https:\/\/aeterrasave.net\/biblioteca.digital\/wp-json\/wp\/v2\/users\/1"}],"replies":[{"embeddable":true,"href":"https:\/\/aeterrasave.net\/biblioteca.digital\/wp-json\/wp\/v2\/comments?post=1691"}],"version-history":[{"count":1,"href":"https:\/\/aeterrasave.net\/biblioteca.digital\/wp-json\/wp\/v2\/posts\/1691\/revisions"}],"predecessor-version":[{"id":1696,"href":"https:\/\/aeterrasave.net\/biblioteca.digital\/wp-json\/wp\/v2\/posts\/1691\/revisions\/1696"}],"wp:featuredmedia":[{"embeddable":true,"href":"https:\/\/aeterrasave.net\/biblioteca.digital\/wp-json\/wp\/v2\/media\/1692"}],"wp:attachment":[{"href":"https:\/\/aeterrasave.net\/biblioteca.digital\/wp-json\/wp\/v2\/media?parent=1691"}],"wp:term":[{"taxonomy":"category","embeddable":true,"href":"https:\/\/aeterrasave.net\/biblioteca.digital\/wp-json\/wp\/v2\/categories?post=1691"},{"taxonomy":"post_tag","embeddable":true,"href":"https:\/\/aeterrasave.net\/biblioteca.digital\/wp-json\/wp\/v2\/tags?post=1691"}],"curies":[{"name":"wp","href":"https:\/\/api.w.org\/{rel}","templated":true}]}}