{"id":1732,"date":"2023-02-06T17:12:40","date_gmt":"2023-02-06T17:12:40","guid":{"rendered":"https:\/\/aepedome.net\/biblioteca.digital\/?p=1732"},"modified":"2023-02-06T17:12:40","modified_gmt":"2023-02-06T17:12:40","slug":"projeto-escola-a-ler","status":"publish","type":"post","link":"https:\/\/aeterrasave.net\/biblioteca.digital\/2023\/02\/06\/projeto-escola-a-ler\/","title":{"rendered":"Projeto \u201cEscola a ler\u201d"},"content":{"rendered":"\n<p>No \u00e2mbito do projeto \u201cEscola a ler\u201d o agrupamento tem vindo a  implementar as atividades \u201cLeitura Orientada\u201d, \u201cVou levar-te comigo\u201d e \u201cLivr\u2019 \u00e0 m\u00e3o\u201d , entre outras,  que t\u00eam como objetivos desenvolver nas crian\u00e7as e jovens compet\u00eancias de leitura e a compreens\u00e3o leitora. Assim, tem-se criado momentos de leitura de diferentes tipologias e intencionalidades com uma certa periodicidade . Este \u00e9 um projeto apoiado pela Rede de Bibliotecas Escolares, pelo Plano Nacional de Leitura 2027 e pela Dire\u00e7\u00e3o-Geral de Educa\u00e7\u00e3o. Neste sentido, a biblioteca  disponibiliza em &#8220;cestas&#8221; pr\u00f3prias v\u00e1rias obras  adequadas aos n\u00edveis de leitura dos alunos,<\/p>\n\n\n\n<figure class=\"wp-block-image size-large\"><img fetchpriority=\"high\" decoding=\"async\" width=\"1024\" height=\"768\" src=\"https:\/\/aepedome.net\/biblioteca.digital\/wp-content\/uploads\/2023\/02\/IMG_20230206_170916-1024x768.jpg\" alt=\"\" class=\"wp-image-1733\" srcset=\"https:\/\/aeterrasave.net\/biblioteca.digital\/wp-content\/uploads\/2023\/02\/IMG_20230206_170916-1024x768.jpg 1024w, https:\/\/aeterrasave.net\/biblioteca.digital\/wp-content\/uploads\/2023\/02\/IMG_20230206_170916-300x225.jpg 300w, https:\/\/aeterrasave.net\/biblioteca.digital\/wp-content\/uploads\/2023\/02\/IMG_20230206_170916-768x576.jpg 768w, https:\/\/aeterrasave.net\/biblioteca.digital\/wp-content\/uploads\/2023\/02\/IMG_20230206_170916-1536x1152.jpg 1536w, https:\/\/aeterrasave.net\/biblioteca.digital\/wp-content\/uploads\/2023\/02\/IMG_20230206_170916-2048x1536.jpg 2048w\" sizes=\"(max-width: 1024px) 100vw, 1024px\" \/><\/figure>\n","protected":false},"excerpt":{"rendered":"<p>No \u00e2mbito do projeto \u201cEscola a ler\u201d o agrupamento tem vindo a implementar as atividades \u201cLeitura Orientada\u201d, \u201cVou levar-te comigo\u201d e \u201cLivr\u2019 \u00e0 m\u00e3o\u201d , entre outras, que t\u00eam como objetivos desenvolver nas crian\u00e7as e jovens compet\u00eancias de leitura e a compreens\u00e3o leitora. Assim, tem-se criado momentos de leitura de diferentes tipologias e intencionalidades com &hellip; <a href=\"https:\/\/aeterrasave.net\/biblioteca.digital\/2023\/02\/06\/projeto-escola-a-ler\/\" class=\"more-link\">Continuar a ler<span class=\"screen-reader-text\">Projeto \u201cEscola a ler\u201d<\/span> <span class=\"meta-nav\">&rarr;<\/span><\/a><\/p>\n","protected":false},"author":1,"featured_media":1733,"comment_status":"open","ping_status":"","sticky":false,"template":"","format":"standard","meta":{"footnotes":""},"categories":[54],"tags":[77],"class_list":["post-1732","post","type-post","status-publish","format-standard","has-post-thumbnail","hentry","category-noticias-atividades","tag-escola-a-ler"],"_links":{"self":[{"href":"https:\/\/aeterrasave.net\/biblioteca.digital\/wp-json\/wp\/v2\/posts\/1732","targetHints":{"allow":["GET"]}}],"collection":[{"href":"https:\/\/aeterrasave.net\/biblioteca.digital\/wp-json\/wp\/v2\/posts"}],"about":[{"href":"https:\/\/aeterrasave.net\/biblioteca.digital\/wp-json\/wp\/v2\/types\/post"}],"author":[{"embeddable":true,"href":"https:\/\/aeterrasave.net\/biblioteca.digital\/wp-json\/wp\/v2\/users\/1"}],"replies":[{"embeddable":true,"href":"https:\/\/aeterrasave.net\/biblioteca.digital\/wp-json\/wp\/v2\/comments?post=1732"}],"version-history":[{"count":1,"href":"https:\/\/aeterrasave.net\/biblioteca.digital\/wp-json\/wp\/v2\/posts\/1732\/revisions"}],"predecessor-version":[{"id":1734,"href":"https:\/\/aeterrasave.net\/biblioteca.digital\/wp-json\/wp\/v2\/posts\/1732\/revisions\/1734"}],"wp:featuredmedia":[{"embeddable":true,"href":"https:\/\/aeterrasave.net\/biblioteca.digital\/wp-json\/wp\/v2\/media\/1733"}],"wp:attachment":[{"href":"https:\/\/aeterrasave.net\/biblioteca.digital\/wp-json\/wp\/v2\/media?parent=1732"}],"wp:term":[{"taxonomy":"category","embeddable":true,"href":"https:\/\/aeterrasave.net\/biblioteca.digital\/wp-json\/wp\/v2\/categories?post=1732"},{"taxonomy":"post_tag","embeddable":true,"href":"https:\/\/aeterrasave.net\/biblioteca.digital\/wp-json\/wp\/v2\/tags?post=1732"}],"curies":[{"name":"wp","href":"https:\/\/api.w.org\/{rel}","templated":true}]}}