{"id":1773,"date":"2023-03-01T10:50:04","date_gmt":"2023-03-01T10:50:04","guid":{"rendered":"https:\/\/aepedome.net\/biblioteca.digital\/?p=1773"},"modified":"2023-03-01T10:50:04","modified_gmt":"2023-03-01T10:50:04","slug":"hora-do-conto-1-o-e-2-o-anos-da-eb-pedome","status":"publish","type":"post","link":"https:\/\/aeterrasave.net\/biblioteca.digital\/2023\/03\/01\/hora-do-conto-1-o-e-2-o-anos-da-eb-pedome\/","title":{"rendered":"Hora do conto &#8211; 1.\u00ba e 2.\u00ba anos  da EB Pedome"},"content":{"rendered":"\n<figure class=\"wp-block-gallery has-nested-images columns-default is-cropped wp-block-gallery-1 is-layout-flex wp-block-gallery-is-layout-flex\">\n<figure class=\"wp-block-image size-large\"><img fetchpriority=\"high\" decoding=\"async\" width=\"895\" height=\"1024\" data-id=\"1777\" src=\"https:\/\/aepedome.net\/biblioteca.digital\/wp-content\/uploads\/2023\/03\/Any-Scanner_03_01_2023-01-1-895x1024.jpg\" alt=\"\" class=\"wp-image-1777\" srcset=\"https:\/\/aeterrasave.net\/biblioteca.digital\/wp-content\/uploads\/2023\/03\/Any-Scanner_03_01_2023-01-1-895x1024.jpg 895w, https:\/\/aeterrasave.net\/biblioteca.digital\/wp-content\/uploads\/2023\/03\/Any-Scanner_03_01_2023-01-1-262x300.jpg 262w, https:\/\/aeterrasave.net\/biblioteca.digital\/wp-content\/uploads\/2023\/03\/Any-Scanner_03_01_2023-01-1-768x879.jpg 768w, https:\/\/aeterrasave.net\/biblioteca.digital\/wp-content\/uploads\/2023\/03\/Any-Scanner_03_01_2023-01-1-1342x1536.jpg 1342w, https:\/\/aeterrasave.net\/biblioteca.digital\/wp-content\/uploads\/2023\/03\/Any-Scanner_03_01_2023-01-1-1790x2048.jpg 1790w\" sizes=\"(max-width: 895px) 100vw, 895px\" \/><\/figure>\n\n\n\n<figure class=\"wp-block-image size-large\"><img decoding=\"async\" width=\"1024\" height=\"768\" data-id=\"1776\" src=\"https:\/\/aepedome.net\/biblioteca.digital\/wp-content\/uploads\/2023\/03\/IMG-20230301-WA0000-1-1024x768.jpg\" alt=\"\" class=\"wp-image-1776\" srcset=\"https:\/\/aeterrasave.net\/biblioteca.digital\/wp-content\/uploads\/2023\/03\/IMG-20230301-WA0000-1-1024x768.jpg 1024w, https:\/\/aeterrasave.net\/biblioteca.digital\/wp-content\/uploads\/2023\/03\/IMG-20230301-WA0000-1-300x225.jpg 300w, https:\/\/aeterrasave.net\/biblioteca.digital\/wp-content\/uploads\/2023\/03\/IMG-20230301-WA0000-1-768x576.jpg 768w, https:\/\/aeterrasave.net\/biblioteca.digital\/wp-content\/uploads\/2023\/03\/IMG-20230301-WA0000-1-1536x1152.jpg 1536w, https:\/\/aeterrasave.net\/biblioteca.digital\/wp-content\/uploads\/2023\/03\/IMG-20230301-WA0000-1.jpg 2000w\" sizes=\"(max-width: 1024px) 100vw, 1024px\" \/><\/figure>\n<\/figure>\n\n\n\n<p class=\"has-text-align-center\">O livro &#8220;\u00c9 s\u00f3 desta vez!&#8221; de Tracey Corderoy com  ilustra\u00e7\u00f5es de Tony Neal foi lido e explorado hoje na hora do conto com as turmas dos professores Cl\u00e1udio Cadeia e Carla Vieira.<\/p>\n\n\n\n<p class=\"has-text-align-center\">Este \u00e9 o livro perfeito para ensinar \u00e0s crian\u00e7as o conceito de cidadania e de como juntos podemos tornar o mundo mais agrad\u00e1vel para todos! A vida na Cidade da Harmonia corre perfeita. At\u00e9 ao dia em que o Rinoceronte atira o papel de um rebu\u00e7ado para o ch\u00e3o. Depressa a cidade se torna suja, barulhenta e MUITO mal-educada! Conseguir\u00e1 algu\u00e9m salvar a situa\u00e7\u00e3o?<\/p>\n","protected":false},"excerpt":{"rendered":"<p>O livro &#8220;\u00c9 s\u00f3 desta vez!&#8221; de Tracey Corderoy com ilustra\u00e7\u00f5es de Tony Neal foi lido e explorado hoje na hora do conto com as turmas dos professores Cl\u00e1udio Cadeia e Carla Vieira. Este \u00e9 o livro perfeito para ensinar \u00e0s crian\u00e7as o conceito de cidadania e de como juntos podemos tornar o mundo mais &hellip; <a href=\"https:\/\/aeterrasave.net\/biblioteca.digital\/2023\/03\/01\/hora-do-conto-1-o-e-2-o-anos-da-eb-pedome\/\" class=\"more-link\">Continuar a ler<span class=\"screen-reader-text\">Hora do conto &#8211; 1.\u00ba e 2.\u00ba anos  da EB Pedome<\/span> <span class=\"meta-nav\">&rarr;<\/span><\/a><\/p>\n","protected":false},"author":1,"featured_media":1774,"comment_status":"open","ping_status":"","sticky":false,"template":"","format":"standard","meta":{"footnotes":""},"categories":[54],"tags":[55],"class_list":["post-1773","post","type-post","status-publish","format-standard","has-post-thumbnail","hentry","category-noticias-atividades","tag-hora-do-conto"],"_links":{"self":[{"href":"https:\/\/aeterrasave.net\/biblioteca.digital\/wp-json\/wp\/v2\/posts\/1773","targetHints":{"allow":["GET"]}}],"collection":[{"href":"https:\/\/aeterrasave.net\/biblioteca.digital\/wp-json\/wp\/v2\/posts"}],"about":[{"href":"https:\/\/aeterrasave.net\/biblioteca.digital\/wp-json\/wp\/v2\/types\/post"}],"author":[{"embeddable":true,"href":"https:\/\/aeterrasave.net\/biblioteca.digital\/wp-json\/wp\/v2\/users\/1"}],"replies":[{"embeddable":true,"href":"https:\/\/aeterrasave.net\/biblioteca.digital\/wp-json\/wp\/v2\/comments?post=1773"}],"version-history":[{"count":1,"href":"https:\/\/aeterrasave.net\/biblioteca.digital\/wp-json\/wp\/v2\/posts\/1773\/revisions"}],"predecessor-version":[{"id":1778,"href":"https:\/\/aeterrasave.net\/biblioteca.digital\/wp-json\/wp\/v2\/posts\/1773\/revisions\/1778"}],"wp:featuredmedia":[{"embeddable":true,"href":"https:\/\/aeterrasave.net\/biblioteca.digital\/wp-json\/wp\/v2\/media\/1774"}],"wp:attachment":[{"href":"https:\/\/aeterrasave.net\/biblioteca.digital\/wp-json\/wp\/v2\/media?parent=1773"}],"wp:term":[{"taxonomy":"category","embeddable":true,"href":"https:\/\/aeterrasave.net\/biblioteca.digital\/wp-json\/wp\/v2\/categories?post=1773"},{"taxonomy":"post_tag","embeddable":true,"href":"https:\/\/aeterrasave.net\/biblioteca.digital\/wp-json\/wp\/v2\/tags?post=1773"}],"curies":[{"name":"wp","href":"https:\/\/api.w.org\/{rel}","templated":true}]}}