{"id":2896,"date":"2024-01-22T17:09:24","date_gmt":"2024-01-22T17:09:24","guid":{"rendered":"https:\/\/aeterrasave.net\/biblioteca.digital\/?p=2896"},"modified":"2024-01-22T17:09:24","modified_gmt":"2024-01-22T17:09:24","slug":"hora-do-conto-para-o-1-o-e-2-o-anos-na-escola-sede","status":"publish","type":"post","link":"https:\/\/aeterrasave.net\/biblioteca.digital\/2024\/01\/22\/hora-do-conto-para-o-1-o-e-2-o-anos-na-escola-sede\/","title":{"rendered":"Hora do Conto para o 1.\u00ba e 2.\u00ba anos na escola sede"},"content":{"rendered":"\n<figure class=\"wp-block-gallery has-nested-images columns-default is-cropped wp-block-gallery-1 is-layout-flex wp-block-gallery-is-layout-flex\">\n<figure class=\"wp-block-image size-large\"><img fetchpriority=\"high\" decoding=\"async\" width=\"1024\" height=\"768\" data-id=\"2897\" src=\"https:\/\/aeterrasave.net\/biblioteca.digital\/wp-content\/uploads\/2024\/01\/WhatsApp-Image-2024-01-22-at-17.05.47-1-1024x768.jpeg\" alt=\"\" class=\"wp-image-2897\" srcset=\"https:\/\/aeterrasave.net\/biblioteca.digital\/wp-content\/uploads\/2024\/01\/WhatsApp-Image-2024-01-22-at-17.05.47-1-1024x768.jpeg 1024w, https:\/\/aeterrasave.net\/biblioteca.digital\/wp-content\/uploads\/2024\/01\/WhatsApp-Image-2024-01-22-at-17.05.47-1-300x225.jpeg 300w, https:\/\/aeterrasave.net\/biblioteca.digital\/wp-content\/uploads\/2024\/01\/WhatsApp-Image-2024-01-22-at-17.05.47-1-768x576.jpeg 768w, https:\/\/aeterrasave.net\/biblioteca.digital\/wp-content\/uploads\/2024\/01\/WhatsApp-Image-2024-01-22-at-17.05.47-1-1536x1152.jpeg 1536w, https:\/\/aeterrasave.net\/biblioteca.digital\/wp-content\/uploads\/2024\/01\/WhatsApp-Image-2024-01-22-at-17.05.47-1.jpeg 2048w\" sizes=\"(max-width: 1024px) 100vw, 1024px\" \/><\/figure>\n\n\n\n<figure class=\"wp-block-image size-large\"><img decoding=\"async\" width=\"768\" height=\"1024\" data-id=\"2898\" src=\"https:\/\/aeterrasave.net\/biblioteca.digital\/wp-content\/uploads\/2024\/01\/WhatsApp-Image-2024-01-22-at-17.05.47-768x1024.jpeg\" alt=\"\" class=\"wp-image-2898\" srcset=\"https:\/\/aeterrasave.net\/biblioteca.digital\/wp-content\/uploads\/2024\/01\/WhatsApp-Image-2024-01-22-at-17.05.47-768x1024.jpeg 768w, https:\/\/aeterrasave.net\/biblioteca.digital\/wp-content\/uploads\/2024\/01\/WhatsApp-Image-2024-01-22-at-17.05.47-225x300.jpeg 225w, https:\/\/aeterrasave.net\/biblioteca.digital\/wp-content\/uploads\/2024\/01\/WhatsApp-Image-2024-01-22-at-17.05.47-1152x1536.jpeg 1152w, https:\/\/aeterrasave.net\/biblioteca.digital\/wp-content\/uploads\/2024\/01\/WhatsApp-Image-2024-01-22-at-17.05.47.jpeg 1536w\" sizes=\"(max-width: 768px) 100vw, 768px\" \/><\/figure>\n<\/figure>\n\n\n\n<p>Porque \u00e9 que os animais n\u00e3o conduzem?  de Pedro Seromenho | Visualiza\u00e7\u00e3o de um v\u00eddeo sobre seguran\u00e7a rodovi\u00e1ria<\/p>\n","protected":false},"excerpt":{"rendered":"<p>Porque \u00e9 que os animais n\u00e3o conduzem? de Pedro Seromenho | Visualiza\u00e7\u00e3o de um v\u00eddeo sobre seguran\u00e7a rodovi\u00e1ria<\/p>\n","protected":false},"author":1,"featured_media":2897,"comment_status":"open","ping_status":"","sticky":false,"template":"","format":"standard","meta":{"footnotes":""},"categories":[54],"tags":[56,55],"class_list":["post-2896","post","type-post","status-publish","format-standard","has-post-thumbnail","hentry","category-noticias-atividades","tag-divulgacao","tag-hora-do-conto"],"_links":{"self":[{"href":"https:\/\/aeterrasave.net\/biblioteca.digital\/wp-json\/wp\/v2\/posts\/2896","targetHints":{"allow":["GET"]}}],"collection":[{"href":"https:\/\/aeterrasave.net\/biblioteca.digital\/wp-json\/wp\/v2\/posts"}],"about":[{"href":"https:\/\/aeterrasave.net\/biblioteca.digital\/wp-json\/wp\/v2\/types\/post"}],"author":[{"embeddable":true,"href":"https:\/\/aeterrasave.net\/biblioteca.digital\/wp-json\/wp\/v2\/users\/1"}],"replies":[{"embeddable":true,"href":"https:\/\/aeterrasave.net\/biblioteca.digital\/wp-json\/wp\/v2\/comments?post=2896"}],"version-history":[{"count":1,"href":"https:\/\/aeterrasave.net\/biblioteca.digital\/wp-json\/wp\/v2\/posts\/2896\/revisions"}],"predecessor-version":[{"id":2899,"href":"https:\/\/aeterrasave.net\/biblioteca.digital\/wp-json\/wp\/v2\/posts\/2896\/revisions\/2899"}],"wp:featuredmedia":[{"embeddable":true,"href":"https:\/\/aeterrasave.net\/biblioteca.digital\/wp-json\/wp\/v2\/media\/2897"}],"wp:attachment":[{"href":"https:\/\/aeterrasave.net\/biblioteca.digital\/wp-json\/wp\/v2\/media?parent=2896"}],"wp:term":[{"taxonomy":"category","embeddable":true,"href":"https:\/\/aeterrasave.net\/biblioteca.digital\/wp-json\/wp\/v2\/categories?post=2896"},{"taxonomy":"post_tag","embeddable":true,"href":"https:\/\/aeterrasave.net\/biblioteca.digital\/wp-json\/wp\/v2\/tags?post=2896"}],"curies":[{"name":"wp","href":"https:\/\/api.w.org\/{rel}","templated":true}]}}