{"id":2929,"date":"2024-02-07T18:37:46","date_gmt":"2024-02-07T18:37:46","guid":{"rendered":"https:\/\/aeterrasave.net\/biblioteca.digital\/?p=2929"},"modified":"2024-02-07T18:37:46","modified_gmt":"2024-02-07T18:37:46","slug":"hora-do-conto-na-be-bairro","status":"publish","type":"post","link":"https:\/\/aeterrasave.net\/biblioteca.digital\/2024\/02\/07\/hora-do-conto-na-be-bairro\/","title":{"rendered":"Hora do Conto na BE Bairro"},"content":{"rendered":"\n<p>Apresenta\u00e7\u00e3o do Conto &#8220;A GIRAFA QUE COMIA ESTRELAS&#8221; de Jos\u00e9 Eduardo Agualusa.<\/p>\n\n\n\n<p>Os alunos das Turmas G1 e G6 do segundo ano, assistiram hoje na Biblioteca Escolar \u00e0 apresenta\u00e7\u00e3o do Conto de autoria de Jos\u00e9 Eduardo Agualusa intitulado &#8220;A Girafa que comia Estrelas&#8221;, obra do Plano Nacional de Leitura que vai ser trabalhada nas pr\u00f3ximas duas semanas, na Sala de Aula.<\/p>\n\n\n\n<p>O Conto apresentado, aborda na sua li\u00e7\u00e3o de vida e tem como moral da hist\u00f3ria, o valor da uni\u00e3o e da converg\u00eancia de esfor\u00e7os para a solu\u00e7\u00e3o de problemas. <\/p>\n\n\n\n<figure class=\"wp-block-gallery has-nested-images columns-default is-cropped wp-block-gallery-1 is-layout-flex wp-block-gallery-is-layout-flex\">\n<figure class=\"wp-block-image size-large\"><img fetchpriority=\"high\" decoding=\"async\" width=\"1024\" height=\"473\" data-id=\"2930\" src=\"https:\/\/aeterrasave.net\/biblioteca.digital\/wp-content\/uploads\/2024\/02\/1-1024x473.jpg\" alt=\"\" class=\"wp-image-2930\" srcset=\"https:\/\/aeterrasave.net\/biblioteca.digital\/wp-content\/uploads\/2024\/02\/1-1024x473.jpg 1024w, https:\/\/aeterrasave.net\/biblioteca.digital\/wp-content\/uploads\/2024\/02\/1-300x139.jpg 300w, https:\/\/aeterrasave.net\/biblioteca.digital\/wp-content\/uploads\/2024\/02\/1-768x355.jpg 768w, https:\/\/aeterrasave.net\/biblioteca.digital\/wp-content\/uploads\/2024\/02\/1-1536x710.jpg 1536w, https:\/\/aeterrasave.net\/biblioteca.digital\/wp-content\/uploads\/2024\/02\/1.jpg 2048w\" sizes=\"(max-width: 1024px) 100vw, 1024px\" \/><\/figure>\n\n\n\n<figure class=\"wp-block-image size-large\"><img decoding=\"async\" width=\"1024\" height=\"472\" data-id=\"2931\" src=\"https:\/\/aeterrasave.net\/biblioteca.digital\/wp-content\/uploads\/2024\/02\/4-1024x472.jpg\" alt=\"\" class=\"wp-image-2931\" srcset=\"https:\/\/aeterrasave.net\/biblioteca.digital\/wp-content\/uploads\/2024\/02\/4-1024x472.jpg 1024w, https:\/\/aeterrasave.net\/biblioteca.digital\/wp-content\/uploads\/2024\/02\/4-300x138.jpg 300w, https:\/\/aeterrasave.net\/biblioteca.digital\/wp-content\/uploads\/2024\/02\/4-768x354.jpg 768w, https:\/\/aeterrasave.net\/biblioteca.digital\/wp-content\/uploads\/2024\/02\/4-1536x707.jpg 1536w, https:\/\/aeterrasave.net\/biblioteca.digital\/wp-content\/uploads\/2024\/02\/4.jpg 2048w\" sizes=\"(max-width: 1024px) 100vw, 1024px\" \/><\/figure>\n<\/figure>\n","protected":false},"excerpt":{"rendered":"<p>Apresenta\u00e7\u00e3o do Conto &#8220;A GIRAFA QUE COMIA ESTRELAS&#8221; de Jos\u00e9 Eduardo Agualusa. Os alunos das Turmas G1 e G6 do segundo ano, assistiram hoje na Biblioteca Escolar \u00e0 apresenta\u00e7\u00e3o do Conto de autoria de Jos\u00e9 Eduardo Agualusa intitulado &#8220;A Girafa que comia Estrelas&#8221;, obra do Plano Nacional de Leitura que vai ser trabalhada nas pr\u00f3ximas &hellip; <a href=\"https:\/\/aeterrasave.net\/biblioteca.digital\/2024\/02\/07\/hora-do-conto-na-be-bairro\/\" class=\"more-link\">Continuar a ler<span class=\"screen-reader-text\">Hora do Conto na BE Bairro<\/span> <span class=\"meta-nav\">&rarr;<\/span><\/a><\/p>\n","protected":false},"author":1,"featured_media":2931,"comment_status":"open","ping_status":"","sticky":false,"template":"","format":"standard","meta":{"footnotes":""},"categories":[54],"tags":[56,55],"class_list":["post-2929","post","type-post","status-publish","format-standard","has-post-thumbnail","hentry","category-noticias-atividades","tag-divulgacao","tag-hora-do-conto"],"_links":{"self":[{"href":"https:\/\/aeterrasave.net\/biblioteca.digital\/wp-json\/wp\/v2\/posts\/2929","targetHints":{"allow":["GET"]}}],"collection":[{"href":"https:\/\/aeterrasave.net\/biblioteca.digital\/wp-json\/wp\/v2\/posts"}],"about":[{"href":"https:\/\/aeterrasave.net\/biblioteca.digital\/wp-json\/wp\/v2\/types\/post"}],"author":[{"embeddable":true,"href":"https:\/\/aeterrasave.net\/biblioteca.digital\/wp-json\/wp\/v2\/users\/1"}],"replies":[{"embeddable":true,"href":"https:\/\/aeterrasave.net\/biblioteca.digital\/wp-json\/wp\/v2\/comments?post=2929"}],"version-history":[{"count":1,"href":"https:\/\/aeterrasave.net\/biblioteca.digital\/wp-json\/wp\/v2\/posts\/2929\/revisions"}],"predecessor-version":[{"id":2932,"href":"https:\/\/aeterrasave.net\/biblioteca.digital\/wp-json\/wp\/v2\/posts\/2929\/revisions\/2932"}],"wp:featuredmedia":[{"embeddable":true,"href":"https:\/\/aeterrasave.net\/biblioteca.digital\/wp-json\/wp\/v2\/media\/2931"}],"wp:attachment":[{"href":"https:\/\/aeterrasave.net\/biblioteca.digital\/wp-json\/wp\/v2\/media?parent=2929"}],"wp:term":[{"taxonomy":"category","embeddable":true,"href":"https:\/\/aeterrasave.net\/biblioteca.digital\/wp-json\/wp\/v2\/categories?post=2929"},{"taxonomy":"post_tag","embeddable":true,"href":"https:\/\/aeterrasave.net\/biblioteca.digital\/wp-json\/wp\/v2\/tags?post=2929"}],"curies":[{"name":"wp","href":"https:\/\/api.w.org\/{rel}","templated":true}]}}