{"id":3064,"date":"2024-03-27T12:51:12","date_gmt":"2024-03-27T12:51:12","guid":{"rendered":"https:\/\/aeterrasave.net\/biblioteca.digital\/?p=3064"},"modified":"2024-03-27T12:55:22","modified_gmt":"2024-03-27T12:55:22","slug":"radio-escola-da-eb-delaes","status":"publish","type":"post","link":"https:\/\/aeterrasave.net\/biblioteca.digital\/2024\/03\/27\/radio-escola-da-eb-delaes\/","title":{"rendered":"R\u00e1dio Escola da EB Del\u00e3es"},"content":{"rendered":"\n<p>Um grupo de alunos do 2.\u00ba ano da escola participou na grava\u00e7\u00e3o de um ficheiro em formato MP3 do conto &#8220;A MENINA GOTINHA DE \u00c1GUA &#8221; destinado ao programa de R\u00e1dio que,  na Semana da Leitura concelhia, promover\u00e1 o momento FAMALIC\u00c3O A LER. Esta atividade divulga a participa\u00e7\u00e3o do Agrupamento de Escolas Terras do Ave e das suas Bibliotecas escolares nesta iniciativa das Bibliotecas de Famalic\u00e3o.<\/p>\n\n\n\n<p>Agradecemos o apoio t\u00e9cnico e log\u00edstico do coordenador de estabelecimento, Prof. Ant\u00f3nio Rodrigues, na realiza\u00e7\u00e3o deste momento e \u00e0 Prof. Estela pela profici\u00eancia leitora dos seus alunos.<\/p>\n\n\n\n<figure class=\"wp-block-gallery has-nested-images columns-default is-cropped wp-block-gallery-1 is-layout-flex wp-block-gallery-is-layout-flex\">\n<figure class=\"wp-block-image size-large\"><img fetchpriority=\"high\" decoding=\"async\" width=\"1024\" height=\"473\" data-id=\"3065\" src=\"https:\/\/aeterrasave.net\/biblioteca.digital\/wp-content\/uploads\/2024\/03\/Imagem-WhatsApp-2024-03-21-as-19.41.06_850c895a-1024x473.jpg\" alt=\"\" class=\"wp-image-3065\" srcset=\"https:\/\/aeterrasave.net\/biblioteca.digital\/wp-content\/uploads\/2024\/03\/Imagem-WhatsApp-2024-03-21-as-19.41.06_850c895a-1024x473.jpg 1024w, https:\/\/aeterrasave.net\/biblioteca.digital\/wp-content\/uploads\/2024\/03\/Imagem-WhatsApp-2024-03-21-as-19.41.06_850c895a-300x139.jpg 300w, https:\/\/aeterrasave.net\/biblioteca.digital\/wp-content\/uploads\/2024\/03\/Imagem-WhatsApp-2024-03-21-as-19.41.06_850c895a-768x355.jpg 768w, https:\/\/aeterrasave.net\/biblioteca.digital\/wp-content\/uploads\/2024\/03\/Imagem-WhatsApp-2024-03-21-as-19.41.06_850c895a-1536x710.jpg 1536w, https:\/\/aeterrasave.net\/biblioteca.digital\/wp-content\/uploads\/2024\/03\/Imagem-WhatsApp-2024-03-21-as-19.41.06_850c895a.jpg 2048w\" sizes=\"(max-width: 1024px) 100vw, 1024px\" \/><\/figure>\n\n\n\n<figure class=\"wp-block-image size-large\"><img decoding=\"async\" width=\"1024\" height=\"473\" data-id=\"3067\" src=\"https:\/\/aeterrasave.net\/biblioteca.digital\/wp-content\/uploads\/2024\/03\/Imagem-WhatsApp-2024-03-21-as-19.41.07_73bbeb5d-1024x473.jpg\" alt=\"\" class=\"wp-image-3067\" srcset=\"https:\/\/aeterrasave.net\/biblioteca.digital\/wp-content\/uploads\/2024\/03\/Imagem-WhatsApp-2024-03-21-as-19.41.07_73bbeb5d-1024x473.jpg 1024w, https:\/\/aeterrasave.net\/biblioteca.digital\/wp-content\/uploads\/2024\/03\/Imagem-WhatsApp-2024-03-21-as-19.41.07_73bbeb5d-300x139.jpg 300w, https:\/\/aeterrasave.net\/biblioteca.digital\/wp-content\/uploads\/2024\/03\/Imagem-WhatsApp-2024-03-21-as-19.41.07_73bbeb5d-768x355.jpg 768w, https:\/\/aeterrasave.net\/biblioteca.digital\/wp-content\/uploads\/2024\/03\/Imagem-WhatsApp-2024-03-21-as-19.41.07_73bbeb5d-1536x710.jpg 1536w, https:\/\/aeterrasave.net\/biblioteca.digital\/wp-content\/uploads\/2024\/03\/Imagem-WhatsApp-2024-03-21-as-19.41.07_73bbeb5d.jpg 2048w\" sizes=\"(max-width: 1024px) 100vw, 1024px\" \/><\/figure>\n\n\n\n<figure class=\"wp-block-image size-large\"><img decoding=\"async\" width=\"1024\" height=\"473\" data-id=\"3068\" src=\"https:\/\/aeterrasave.net\/biblioteca.digital\/wp-content\/uploads\/2024\/03\/Imagem-WhatsApp-2024-03-21-as-19.41.08_4d3816a1-1024x473.jpg\" alt=\"\" class=\"wp-image-3068\" srcset=\"https:\/\/aeterrasave.net\/biblioteca.digital\/wp-content\/uploads\/2024\/03\/Imagem-WhatsApp-2024-03-21-as-19.41.08_4d3816a1-1024x473.jpg 1024w, https:\/\/aeterrasave.net\/biblioteca.digital\/wp-content\/uploads\/2024\/03\/Imagem-WhatsApp-2024-03-21-as-19.41.08_4d3816a1-300x139.jpg 300w, https:\/\/aeterrasave.net\/biblioteca.digital\/wp-content\/uploads\/2024\/03\/Imagem-WhatsApp-2024-03-21-as-19.41.08_4d3816a1-768x355.jpg 768w, https:\/\/aeterrasave.net\/biblioteca.digital\/wp-content\/uploads\/2024\/03\/Imagem-WhatsApp-2024-03-21-as-19.41.08_4d3816a1-1536x710.jpg 1536w, https:\/\/aeterrasave.net\/biblioteca.digital\/wp-content\/uploads\/2024\/03\/Imagem-WhatsApp-2024-03-21-as-19.41.08_4d3816a1.jpg 2048w\" sizes=\"(max-width: 1024px) 100vw, 1024px\" \/><\/figure>\n\n\n\n<figure class=\"wp-block-image size-large\"><img loading=\"lazy\" decoding=\"async\" width=\"1024\" height=\"579\" data-id=\"3066\" src=\"https:\/\/aeterrasave.net\/biblioteca.digital\/wp-content\/uploads\/2024\/03\/Imagem-WhatsApp-2024-03-21-as-19.41.08_24c06fe1-1024x579.jpg\" alt=\"\" class=\"wp-image-3066\" srcset=\"https:\/\/aeterrasave.net\/biblioteca.digital\/wp-content\/uploads\/2024\/03\/Imagem-WhatsApp-2024-03-21-as-19.41.08_24c06fe1-1024x579.jpg 1024w, https:\/\/aeterrasave.net\/biblioteca.digital\/wp-content\/uploads\/2024\/03\/Imagem-WhatsApp-2024-03-21-as-19.41.08_24c06fe1-300x170.jpg 300w, https:\/\/aeterrasave.net\/biblioteca.digital\/wp-content\/uploads\/2024\/03\/Imagem-WhatsApp-2024-03-21-as-19.41.08_24c06fe1-768x434.jpg 768w, https:\/\/aeterrasave.net\/biblioteca.digital\/wp-content\/uploads\/2024\/03\/Imagem-WhatsApp-2024-03-21-as-19.41.08_24c06fe1-1536x869.jpg 1536w, https:\/\/aeterrasave.net\/biblioteca.digital\/wp-content\/uploads\/2024\/03\/Imagem-WhatsApp-2024-03-21-as-19.41.08_24c06fe1.jpg 1600w\" sizes=\"(max-width: 1024px) 100vw, 1024px\" \/><\/figure>\n<\/figure>\n","protected":false},"excerpt":{"rendered":"<p>Um grupo de alunos do 2.\u00ba ano da escola participou na grava\u00e7\u00e3o de um ficheiro em formato MP3 do conto &#8220;A MENINA GOTINHA DE \u00c1GUA &#8221; destinado ao programa de R\u00e1dio que, na Semana da Leitura concelhia, promover\u00e1 o momento FAMALIC\u00c3O A LER. Esta atividade divulga a participa\u00e7\u00e3o do Agrupamento de Escolas Terras do Ave &hellip; <a href=\"https:\/\/aeterrasave.net\/biblioteca.digital\/2024\/03\/27\/radio-escola-da-eb-delaes\/\" class=\"more-link\">Continuar a ler<span class=\"screen-reader-text\">R\u00e1dio Escola da EB Del\u00e3es<\/span> <span class=\"meta-nav\">&rarr;<\/span><\/a><\/p>\n","protected":false},"author":1,"featured_media":3067,"comment_status":"open","ping_status":"","sticky":false,"template":"","format":"standard","meta":{"footnotes":""},"categories":[54],"tags":[56,94],"class_list":["post-3064","post","type-post","status-publish","format-standard","has-post-thumbnail","hentry","category-noticias-atividades","tag-divulgacao","tag-semana-da-leitura"],"_links":{"self":[{"href":"https:\/\/aeterrasave.net\/biblioteca.digital\/wp-json\/wp\/v2\/posts\/3064","targetHints":{"allow":["GET"]}}],"collection":[{"href":"https:\/\/aeterrasave.net\/biblioteca.digital\/wp-json\/wp\/v2\/posts"}],"about":[{"href":"https:\/\/aeterrasave.net\/biblioteca.digital\/wp-json\/wp\/v2\/types\/post"}],"author":[{"embeddable":true,"href":"https:\/\/aeterrasave.net\/biblioteca.digital\/wp-json\/wp\/v2\/users\/1"}],"replies":[{"embeddable":true,"href":"https:\/\/aeterrasave.net\/biblioteca.digital\/wp-json\/wp\/v2\/comments?post=3064"}],"version-history":[{"count":2,"href":"https:\/\/aeterrasave.net\/biblioteca.digital\/wp-json\/wp\/v2\/posts\/3064\/revisions"}],"predecessor-version":[{"id":3070,"href":"https:\/\/aeterrasave.net\/biblioteca.digital\/wp-json\/wp\/v2\/posts\/3064\/revisions\/3070"}],"wp:featuredmedia":[{"embeddable":true,"href":"https:\/\/aeterrasave.net\/biblioteca.digital\/wp-json\/wp\/v2\/media\/3067"}],"wp:attachment":[{"href":"https:\/\/aeterrasave.net\/biblioteca.digital\/wp-json\/wp\/v2\/media?parent=3064"}],"wp:term":[{"taxonomy":"category","embeddable":true,"href":"https:\/\/aeterrasave.net\/biblioteca.digital\/wp-json\/wp\/v2\/categories?post=3064"},{"taxonomy":"post_tag","embeddable":true,"href":"https:\/\/aeterrasave.net\/biblioteca.digital\/wp-json\/wp\/v2\/tags?post=3064"}],"curies":[{"name":"wp","href":"https:\/\/api.w.org\/{rel}","templated":true}]}}