{"id":3348,"date":"2024-07-19T14:14:20","date_gmt":"2024-07-19T14:14:20","guid":{"rendered":"https:\/\/aeterrasave.net\/biblioteca.digital\/?p=3348"},"modified":"2024-07-19T14:14:20","modified_gmt":"2024-07-19T14:14:20","slug":"reuniao-da-comissao-consultiva-concelhia-dos-projetos-culturais-de-escola-na-eb-23-de-arnoso","status":"publish","type":"post","link":"https:\/\/aeterrasave.net\/biblioteca.digital\/2024\/07\/19\/reuniao-da-comissao-consultiva-concelhia-dos-projetos-culturais-de-escola-na-eb-23-de-arnoso\/","title":{"rendered":"Reuni\u00e3o da Comiss\u00e3o Consultiva Concelhia dos Projetos Culturais de Escola na EB 2,3 de Arnoso"},"content":{"rendered":"\n<p> A reuni\u00e3o da Comiss\u00e3o Consultiva Concelhia dos Projetos Culturais de Escola foi realizada durante a tarde do dia 18 de julho na EB 2,3 de Arnoso. Os coordenadores dos PCE dos Agrupamentos de Escolas de Famalic\u00e3o, na presen\u00e7a dos Senhores Vereadores da Cultura e da Educa\u00e7\u00e3o, respetivamente Dr. Pedro Oliveira e Augusto Lima, do Coordenador de Estabelecimento anfitri\u00e3o e da Diretora do EE D. Maria II, sob a coordena\u00e7\u00e3o da Coordenadora e Facilitadora dos PCE de Vila Nova de Famalic\u00e3o e da Coordenadora Intermunicipal da CIM do Ave e C\u00e1vado, Arminda Pereira e Sofia Sousa, respetivamente, avaliaram a execu\u00e7\u00e3o da implementa\u00e7\u00e3o dos respetivos Projetos Culturais de Escola.<\/p>\n\n\n\n<figure class=\"wp-block-gallery has-nested-images columns-default is-cropped wp-block-gallery-1 is-layout-flex wp-block-gallery-is-layout-flex\">\n<figure class=\"wp-block-image size-large\"><img fetchpriority=\"high\" decoding=\"async\" width=\"1024\" height=\"473\" data-id=\"3350\" src=\"https:\/\/aeterrasave.net\/biblioteca.digital\/wp-content\/uploads\/2024\/07\/1-1-1024x473.jpg\" alt=\"\" class=\"wp-image-3350\" srcset=\"https:\/\/aeterrasave.net\/biblioteca.digital\/wp-content\/uploads\/2024\/07\/1-1-1024x473.jpg 1024w, https:\/\/aeterrasave.net\/biblioteca.digital\/wp-content\/uploads\/2024\/07\/1-1-300x139.jpg 300w, https:\/\/aeterrasave.net\/biblioteca.digital\/wp-content\/uploads\/2024\/07\/1-1-768x355.jpg 768w, https:\/\/aeterrasave.net\/biblioteca.digital\/wp-content\/uploads\/2024\/07\/1-1-1536x709.jpg 1536w, https:\/\/aeterrasave.net\/biblioteca.digital\/wp-content\/uploads\/2024\/07\/1-1.jpg 1600w\" sizes=\"(max-width: 1024px) 100vw, 1024px\" \/><\/figure>\n\n\n\n<figure class=\"wp-block-image size-large\"><img decoding=\"async\" width=\"1024\" height=\"473\" data-id=\"3349\" src=\"https:\/\/aeterrasave.net\/biblioteca.digital\/wp-content\/uploads\/2024\/07\/2-1-1024x473.jpg\" alt=\"\" class=\"wp-image-3349\" srcset=\"https:\/\/aeterrasave.net\/biblioteca.digital\/wp-content\/uploads\/2024\/07\/2-1-1024x473.jpg 1024w, https:\/\/aeterrasave.net\/biblioteca.digital\/wp-content\/uploads\/2024\/07\/2-1-300x139.jpg 300w, https:\/\/aeterrasave.net\/biblioteca.digital\/wp-content\/uploads\/2024\/07\/2-1-768x355.jpg 768w, https:\/\/aeterrasave.net\/biblioteca.digital\/wp-content\/uploads\/2024\/07\/2-1-1536x709.jpg 1536w, https:\/\/aeterrasave.net\/biblioteca.digital\/wp-content\/uploads\/2024\/07\/2-1.jpg 1600w\" sizes=\"(max-width: 1024px) 100vw, 1024px\" \/><\/figure>\n\n\n\n<figure class=\"wp-block-image size-large\"><img decoding=\"async\" width=\"473\" height=\"1024\" data-id=\"3351\" src=\"https:\/\/aeterrasave.net\/biblioteca.digital\/wp-content\/uploads\/2024\/07\/3-1-473x1024.jpg\" alt=\"\" class=\"wp-image-3351\" srcset=\"https:\/\/aeterrasave.net\/biblioteca.digital\/wp-content\/uploads\/2024\/07\/3-1-473x1024.jpg 473w, https:\/\/aeterrasave.net\/biblioteca.digital\/wp-content\/uploads\/2024\/07\/3-1-139x300.jpg 139w, https:\/\/aeterrasave.net\/biblioteca.digital\/wp-content\/uploads\/2024\/07\/3-1-709x1536.jpg 709w, https:\/\/aeterrasave.net\/biblioteca.digital\/wp-content\/uploads\/2024\/07\/3-1.jpg 739w\" sizes=\"(max-width: 473px) 100vw, 473px\" \/><\/figure>\n\n\n\n<figure class=\"wp-block-image size-large\"><img loading=\"lazy\" decoding=\"async\" width=\"1024\" height=\"473\" data-id=\"3352\" src=\"https:\/\/aeterrasave.net\/biblioteca.digital\/wp-content\/uploads\/2024\/07\/4-1-1024x473.jpg\" alt=\"\" class=\"wp-image-3352\" srcset=\"https:\/\/aeterrasave.net\/biblioteca.digital\/wp-content\/uploads\/2024\/07\/4-1-1024x473.jpg 1024w, https:\/\/aeterrasave.net\/biblioteca.digital\/wp-content\/uploads\/2024\/07\/4-1-300x139.jpg 300w, https:\/\/aeterrasave.net\/biblioteca.digital\/wp-content\/uploads\/2024\/07\/4-1-768x355.jpg 768w, https:\/\/aeterrasave.net\/biblioteca.digital\/wp-content\/uploads\/2024\/07\/4-1-1536x709.jpg 1536w, https:\/\/aeterrasave.net\/biblioteca.digital\/wp-content\/uploads\/2024\/07\/4-1.jpg 1600w\" sizes=\"(max-width: 1024px) 100vw, 1024px\" \/><\/figure>\n\n\n\n<figure class=\"wp-block-image size-large\"><img loading=\"lazy\" decoding=\"async\" width=\"1024\" height=\"473\" data-id=\"3353\" src=\"https:\/\/aeterrasave.net\/biblioteca.digital\/wp-content\/uploads\/2024\/07\/5-1-1024x473.jpg\" alt=\"\" class=\"wp-image-3353\" srcset=\"https:\/\/aeterrasave.net\/biblioteca.digital\/wp-content\/uploads\/2024\/07\/5-1-1024x473.jpg 1024w, https:\/\/aeterrasave.net\/biblioteca.digital\/wp-content\/uploads\/2024\/07\/5-1-300x139.jpg 300w, https:\/\/aeterrasave.net\/biblioteca.digital\/wp-content\/uploads\/2024\/07\/5-1-768x355.jpg 768w, https:\/\/aeterrasave.net\/biblioteca.digital\/wp-content\/uploads\/2024\/07\/5-1-1536x709.jpg 1536w, https:\/\/aeterrasave.net\/biblioteca.digital\/wp-content\/uploads\/2024\/07\/5-1.jpg 1600w\" sizes=\"(max-width: 1024px) 100vw, 1024px\" \/><\/figure>\n<\/figure>\n","protected":false},"excerpt":{"rendered":"<p>A reuni\u00e3o da Comiss\u00e3o Consultiva Concelhia dos Projetos Culturais de Escola foi realizada durante a tarde do dia 18 de julho na EB 2,3 de Arnoso. Os coordenadores dos PCE dos Agrupamentos de Escolas de Famalic\u00e3o, na presen\u00e7a dos Senhores Vereadores da Cultura e da Educa\u00e7\u00e3o, respetivamente Dr. Pedro Oliveira e Augusto Lima, do Coordenador &hellip; <a href=\"https:\/\/aeterrasave.net\/biblioteca.digital\/2024\/07\/19\/reuniao-da-comissao-consultiva-concelhia-dos-projetos-culturais-de-escola-na-eb-23-de-arnoso\/\" class=\"more-link\">Continuar a ler<span class=\"screen-reader-text\">Reuni\u00e3o da Comiss\u00e3o Consultiva Concelhia dos Projetos Culturais de Escola na EB 2,3 de Arnoso<\/span> <span class=\"meta-nav\">&rarr;<\/span><\/a><\/p>\n","protected":false},"author":1,"featured_media":3350,"comment_status":"open","ping_status":"","sticky":false,"template":"","format":"standard","meta":{"footnotes":""},"categories":[54],"tags":[56,122],"class_list":["post-3348","post","type-post","status-publish","format-standard","has-post-thumbnail","hentry","category-noticias-atividades","tag-divulgacao","tag-pce"],"_links":{"self":[{"href":"https:\/\/aeterrasave.net\/biblioteca.digital\/wp-json\/wp\/v2\/posts\/3348","targetHints":{"allow":["GET"]}}],"collection":[{"href":"https:\/\/aeterrasave.net\/biblioteca.digital\/wp-json\/wp\/v2\/posts"}],"about":[{"href":"https:\/\/aeterrasave.net\/biblioteca.digital\/wp-json\/wp\/v2\/types\/post"}],"author":[{"embeddable":true,"href":"https:\/\/aeterrasave.net\/biblioteca.digital\/wp-json\/wp\/v2\/users\/1"}],"replies":[{"embeddable":true,"href":"https:\/\/aeterrasave.net\/biblioteca.digital\/wp-json\/wp\/v2\/comments?post=3348"}],"version-history":[{"count":1,"href":"https:\/\/aeterrasave.net\/biblioteca.digital\/wp-json\/wp\/v2\/posts\/3348\/revisions"}],"predecessor-version":[{"id":3354,"href":"https:\/\/aeterrasave.net\/biblioteca.digital\/wp-json\/wp\/v2\/posts\/3348\/revisions\/3354"}],"wp:featuredmedia":[{"embeddable":true,"href":"https:\/\/aeterrasave.net\/biblioteca.digital\/wp-json\/wp\/v2\/media\/3350"}],"wp:attachment":[{"href":"https:\/\/aeterrasave.net\/biblioteca.digital\/wp-json\/wp\/v2\/media?parent=3348"}],"wp:term":[{"taxonomy":"category","embeddable":true,"href":"https:\/\/aeterrasave.net\/biblioteca.digital\/wp-json\/wp\/v2\/categories?post=3348"},{"taxonomy":"post_tag","embeddable":true,"href":"https:\/\/aeterrasave.net\/biblioteca.digital\/wp-json\/wp\/v2\/tags?post=3348"}],"curies":[{"name":"wp","href":"https:\/\/api.w.org\/{rel}","templated":true}]}}