{"id":3377,"date":"2024-09-13T21:41:11","date_gmt":"2024-09-13T21:41:11","guid":{"rendered":"https:\/\/aeterrasave.net\/biblioteca.digital\/?p=3377"},"modified":"2024-09-13T21:41:11","modified_gmt":"2024-09-13T21:41:11","slug":"formacao-para-assistentes-de-biblioteca-no-gibemprestimo-na-eb-terras-do-ave","status":"publish","type":"post","link":"https:\/\/aeterrasave.net\/biblioteca.digital\/2024\/09\/13\/formacao-para-assistentes-de-biblioteca-no-gibemprestimo-na-eb-terras-do-ave\/","title":{"rendered":"Forma\u00e7\u00e3o para Assistentes de Biblioteca no GIBEmpr\u00e9stimo na EB Terras do Ave"},"content":{"rendered":"\n<p>Arranque do Ano Letivo. Forma\u00e7\u00e3o para Assistentes de Biblioteca no GIBEmpr\u00e9stimo (Gest\u00e3o Integrada de Bibliotecas m\u00f3dulo de Empr\u00e9stimo). Na tarde desta sexta-feira, dia 13 de setembro, as Assistentes de Biblioteca das seis Bibliotecas Escolares do AETA, receberam na Biblioteca da Escola Sede, uma forma\u00e7\u00e3o para capacita\u00e7\u00e3o de operarem com a Plataforma GIB Empr\u00e9stimo. A forma\u00e7\u00e3o esteve a cargo do T\u00e9cnico Bibliotec\u00e1rio Hil\u00e1rio Pereira da Biblioteca Municipal que apresentou esta ferramenta digital de apoio \u00e0 gest\u00e3o das nossas bibliotecas escolares. Desejamos trazer modernidade e maior efic\u00e1cia \u00e0s atividades das nossas BE dotando-as de recursos humanos e tecnologias modernas de operacionalidade e gest\u00e3o que facilitem o seu uso e frui\u00e7\u00e3o pelos nossos alunos.<br>O Professor Bibliotec\u00e1rio apoiar\u00e1 em cada BE a implementa\u00e7\u00e3o dos procedimentos deste moderno sistema integrado de empr\u00e9stimo de livros aos alunos.<br>Bom ano letivo!<\/p>\n\n\n\n<figure class=\"wp-block-gallery has-nested-images columns-default is-cropped wp-block-gallery-1 is-layout-flex wp-block-gallery-is-layout-flex\">\n<figure class=\"wp-block-image size-large\"><img fetchpriority=\"high\" decoding=\"async\" width=\"1024\" height=\"474\" data-id=\"3378\" src=\"https:\/\/aeterrasave.net\/biblioteca.digital\/wp-content\/uploads\/2024\/09\/1-1-1024x474.jpg\" alt=\"\" class=\"wp-image-3378\" srcset=\"https:\/\/aeterrasave.net\/biblioteca.digital\/wp-content\/uploads\/2024\/09\/1-1-1024x474.jpg 1024w, https:\/\/aeterrasave.net\/biblioteca.digital\/wp-content\/uploads\/2024\/09\/1-1-300x139.jpg 300w, https:\/\/aeterrasave.net\/biblioteca.digital\/wp-content\/uploads\/2024\/09\/1-1-768x355.jpg 768w, https:\/\/aeterrasave.net\/biblioteca.digital\/wp-content\/uploads\/2024\/09\/1-1-1536x710.jpg 1536w, https:\/\/aeterrasave.net\/biblioteca.digital\/wp-content\/uploads\/2024\/09\/1-1.jpg 1600w\" sizes=\"(max-width: 1024px) 100vw, 1024px\" \/><\/figure>\n\n\n\n<figure class=\"wp-block-image size-large\"><img decoding=\"async\" width=\"1024\" height=\"473\" data-id=\"3379\" src=\"https:\/\/aeterrasave.net\/biblioteca.digital\/wp-content\/uploads\/2024\/09\/2-1-1024x473.jpg\" alt=\"\" class=\"wp-image-3379\" srcset=\"https:\/\/aeterrasave.net\/biblioteca.digital\/wp-content\/uploads\/2024\/09\/2-1-1024x473.jpg 1024w, https:\/\/aeterrasave.net\/biblioteca.digital\/wp-content\/uploads\/2024\/09\/2-1-300x139.jpg 300w, https:\/\/aeterrasave.net\/biblioteca.digital\/wp-content\/uploads\/2024\/09\/2-1-768x355.jpg 768w, https:\/\/aeterrasave.net\/biblioteca.digital\/wp-content\/uploads\/2024\/09\/2-1-1536x709.jpg 1536w, https:\/\/aeterrasave.net\/biblioteca.digital\/wp-content\/uploads\/2024\/09\/2-1.jpg 1600w\" sizes=\"(max-width: 1024px) 100vw, 1024px\" \/><\/figure>\n\n\n\n<figure class=\"wp-block-image size-large\"><img decoding=\"async\" width=\"1600\" height=\"739\" data-id=\"3380\" src=\"https:\/\/aeterrasave.net\/biblioteca.digital\/wp-content\/uploads\/2024\/09\/3-1024x473.jpg\" alt=\"\" class=\"wp-image-3380\" srcset=\"https:\/\/aeterrasave.net\/biblioteca.digital\/wp-content\/uploads\/2024\/09\/3-1024x473.jpg 1024w, https:\/\/aeterrasave.net\/biblioteca.digital\/wp-content\/uploads\/2024\/09\/3-300x139.jpg 300w, https:\/\/aeterrasave.net\/biblioteca.digital\/wp-content\/uploads\/2024\/09\/3-768x355.jpg 768w, https:\/\/aeterrasave.net\/biblioteca.digital\/wp-content\/uploads\/2024\/09\/3-1536x709.jpg 1536w, https:\/\/aeterrasave.net\/biblioteca.digital\/wp-content\/uploads\/2024\/09\/3.jpg 1600w\" sizes=\"(max-width: 1600px) 100vw, 1600px\" \/><\/figure>\n\n\n\n<figure class=\"wp-block-image size-large\"><img loading=\"lazy\" decoding=\"async\" width=\"1024\" height=\"473\" data-id=\"3381\" src=\"https:\/\/aeterrasave.net\/biblioteca.digital\/wp-content\/uploads\/2024\/09\/4-1024x473.jpg\" alt=\"\" class=\"wp-image-3381\" srcset=\"https:\/\/aeterrasave.net\/biblioteca.digital\/wp-content\/uploads\/2024\/09\/4-1024x473.jpg 1024w, https:\/\/aeterrasave.net\/biblioteca.digital\/wp-content\/uploads\/2024\/09\/4-300x139.jpg 300w, https:\/\/aeterrasave.net\/biblioteca.digital\/wp-content\/uploads\/2024\/09\/4-768x355.jpg 768w, https:\/\/aeterrasave.net\/biblioteca.digital\/wp-content\/uploads\/2024\/09\/4-1536x709.jpg 1536w, https:\/\/aeterrasave.net\/biblioteca.digital\/wp-content\/uploads\/2024\/09\/4.jpg 1600w\" sizes=\"(max-width: 1024px) 100vw, 1024px\" \/><\/figure>\n\n\n\n<figure class=\"wp-block-image size-large\"><img loading=\"lazy\" decoding=\"async\" width=\"473\" height=\"1024\" data-id=\"3382\" src=\"https:\/\/aeterrasave.net\/biblioteca.digital\/wp-content\/uploads\/2024\/09\/5-473x1024.jpg\" alt=\"\" class=\"wp-image-3382\" srcset=\"https:\/\/aeterrasave.net\/biblioteca.digital\/wp-content\/uploads\/2024\/09\/5-473x1024.jpg 473w, https:\/\/aeterrasave.net\/biblioteca.digital\/wp-content\/uploads\/2024\/09\/5-139x300.jpg 139w, https:\/\/aeterrasave.net\/biblioteca.digital\/wp-content\/uploads\/2024\/09\/5-709x1536.jpg 709w, https:\/\/aeterrasave.net\/biblioteca.digital\/wp-content\/uploads\/2024\/09\/5.jpg 739w\" sizes=\"(max-width: 473px) 100vw, 473px\" \/><\/figure>\n<\/figure>\n","protected":false},"excerpt":{"rendered":"<p>Arranque do Ano Letivo. Forma\u00e7\u00e3o para Assistentes de Biblioteca no GIBEmpr\u00e9stimo (Gest\u00e3o Integrada de Bibliotecas m\u00f3dulo de Empr\u00e9stimo). Na tarde desta sexta-feira, dia 13 de setembro, as Assistentes de Biblioteca das seis Bibliotecas Escolares do AETA, receberam na Biblioteca da Escola Sede, uma forma\u00e7\u00e3o para capacita\u00e7\u00e3o de operarem com a Plataforma GIB Empr\u00e9stimo. A forma\u00e7\u00e3o &hellip; <a href=\"https:\/\/aeterrasave.net\/biblioteca.digital\/2024\/09\/13\/formacao-para-assistentes-de-biblioteca-no-gibemprestimo-na-eb-terras-do-ave\/\" class=\"more-link\">Continuar a ler<span class=\"screen-reader-text\">Forma\u00e7\u00e3o para Assistentes de Biblioteca no GIBEmpr\u00e9stimo na EB Terras do Ave<\/span> <span class=\"meta-nav\">&rarr;<\/span><\/a><\/p>\n","protected":false},"author":1,"featured_media":3380,"comment_status":"open","ping_status":"","sticky":false,"template":"","format":"standard","meta":{"footnotes":""},"categories":[54],"tags":[123],"class_list":["post-3377","post","type-post","status-publish","format-standard","has-post-thumbnail","hentry","category-noticias-atividades","tag-formacao-auxiliares"],"_links":{"self":[{"href":"https:\/\/aeterrasave.net\/biblioteca.digital\/wp-json\/wp\/v2\/posts\/3377","targetHints":{"allow":["GET"]}}],"collection":[{"href":"https:\/\/aeterrasave.net\/biblioteca.digital\/wp-json\/wp\/v2\/posts"}],"about":[{"href":"https:\/\/aeterrasave.net\/biblioteca.digital\/wp-json\/wp\/v2\/types\/post"}],"author":[{"embeddable":true,"href":"https:\/\/aeterrasave.net\/biblioteca.digital\/wp-json\/wp\/v2\/users\/1"}],"replies":[{"embeddable":true,"href":"https:\/\/aeterrasave.net\/biblioteca.digital\/wp-json\/wp\/v2\/comments?post=3377"}],"version-history":[{"count":1,"href":"https:\/\/aeterrasave.net\/biblioteca.digital\/wp-json\/wp\/v2\/posts\/3377\/revisions"}],"predecessor-version":[{"id":3383,"href":"https:\/\/aeterrasave.net\/biblioteca.digital\/wp-json\/wp\/v2\/posts\/3377\/revisions\/3383"}],"wp:featuredmedia":[{"embeddable":true,"href":"https:\/\/aeterrasave.net\/biblioteca.digital\/wp-json\/wp\/v2\/media\/3380"}],"wp:attachment":[{"href":"https:\/\/aeterrasave.net\/biblioteca.digital\/wp-json\/wp\/v2\/media?parent=3377"}],"wp:term":[{"taxonomy":"category","embeddable":true,"href":"https:\/\/aeterrasave.net\/biblioteca.digital\/wp-json\/wp\/v2\/categories?post=3377"},{"taxonomy":"post_tag","embeddable":true,"href":"https:\/\/aeterrasave.net\/biblioteca.digital\/wp-json\/wp\/v2\/tags?post=3377"}],"curies":[{"name":"wp","href":"https:\/\/api.w.org\/{rel}","templated":true}]}}