{"id":3400,"date":"2024-09-26T19:00:34","date_gmt":"2024-09-26T19:00:34","guid":{"rendered":"https:\/\/aeterrasave.net\/biblioteca.digital\/?p=3400"},"modified":"2024-09-26T19:00:34","modified_gmt":"2024-09-26T19:00:34","slug":"dia-europeu-do-desporto-na-escola-27-de-setembro","status":"publish","type":"post","link":"https:\/\/aeterrasave.net\/biblioteca.digital\/2024\/09\/26\/dia-europeu-do-desporto-na-escola-27-de-setembro\/","title":{"rendered":"DIA EUROPEU DO DESPORTO NA\u00a0ESCOLA &#8211; 27 de setembro"},"content":{"rendered":"\n<figure class=\"wp-block-image size-full\"><img fetchpriority=\"high\" decoding=\"async\" width=\"675\" height=\"505\" src=\"https:\/\/aeterrasave.net\/biblioteca.digital\/wp-content\/uploads\/2024\/09\/cartaz_dia_europeu_do_desporto_na_escola_2019-_pt.jpg\" alt=\"\" class=\"wp-image-3401\" srcset=\"https:\/\/aeterrasave.net\/biblioteca.digital\/wp-content\/uploads\/2024\/09\/cartaz_dia_europeu_do_desporto_na_escola_2019-_pt.jpg 675w, https:\/\/aeterrasave.net\/biblioteca.digital\/wp-content\/uploads\/2024\/09\/cartaz_dia_europeu_do_desporto_na_escola_2019-_pt-300x224.jpg 300w\" sizes=\"(max-width: 675px) 100vw, 675px\" \/><\/figure>\n\n\n\n<p>O&nbsp;<em><strong>Dia Europeu do Desporto na Escola<\/strong><\/em>&nbsp;est\u00e1 integrado na&nbsp;<em>Semana Europeia do Desporto<\/em>, que&nbsp;se realiza na \u00faltima semana de setembro. Esta iniciativa iniciou-se em 2015 e teve como objetivo promover o desporto e a&nbsp;atividade f\u00edsica em toda a Europa, atrav\u00e9s da realiza\u00e7\u00e3o de um conjunto alargado de atividades dirigidas a toda a popula\u00e7\u00e3o, independentemente da idade ou do n\u00edvel de prepara\u00e7\u00e3o f\u00edsica.<\/p>\n\n\n\n<p>Neste contexto, os alunos em idade escolar representam um segmento especialmente importante na promo\u00e7\u00e3o da atividade f\u00edsica e do desporto, tendo em conta que \u00e9 nesta etapa da vida que as crian\u00e7as e os jovens adquirem as bases da sua literacia motora e adotam h\u00e1bitos de vida saud\u00e1veis. Por esta raz\u00e3o, a Semana Europeia do Desporto em Portugal tem um dia reservado exclusivamente para as Escolas, o&nbsp;<strong>Dia Europeu do Desporto na Escola<\/strong>, a exemplo do que acontece em 42&nbsp;pa\u00edses.<\/p>\n","protected":false},"excerpt":{"rendered":"<p>O&nbsp;Dia Europeu do Desporto na Escola&nbsp;est\u00e1 integrado na&nbsp;Semana Europeia do Desporto, que&nbsp;se realiza na \u00faltima semana de setembro. Esta iniciativa iniciou-se em 2015 e teve como objetivo promover o desporto e a&nbsp;atividade f\u00edsica em toda a Europa, atrav\u00e9s da realiza\u00e7\u00e3o de um conjunto alargado de atividades dirigidas a toda a popula\u00e7\u00e3o, independentemente da idade ou &hellip; <a href=\"https:\/\/aeterrasave.net\/biblioteca.digital\/2024\/09\/26\/dia-europeu-do-desporto-na-escola-27-de-setembro\/\" class=\"more-link\">Continuar a ler<span class=\"screen-reader-text\">DIA EUROPEU DO DESPORTO NA\u00a0ESCOLA &#8211; 27 de setembro<\/span> <span class=\"meta-nav\">&rarr;<\/span><\/a><\/p>\n","protected":false},"author":1,"featured_media":3401,"comment_status":"open","ping_status":"","sticky":false,"template":"","format":"standard","meta":{"footnotes":""},"categories":[54],"tags":[126,56,125],"class_list":["post-3400","post","type-post","status-publish","format-standard","has-post-thumbnail","hentry","category-noticias-atividades","tag-desporto-escolar","tag-divulgacao","tag-educacao-fisica"],"_links":{"self":[{"href":"https:\/\/aeterrasave.net\/biblioteca.digital\/wp-json\/wp\/v2\/posts\/3400","targetHints":{"allow":["GET"]}}],"collection":[{"href":"https:\/\/aeterrasave.net\/biblioteca.digital\/wp-json\/wp\/v2\/posts"}],"about":[{"href":"https:\/\/aeterrasave.net\/biblioteca.digital\/wp-json\/wp\/v2\/types\/post"}],"author":[{"embeddable":true,"href":"https:\/\/aeterrasave.net\/biblioteca.digital\/wp-json\/wp\/v2\/users\/1"}],"replies":[{"embeddable":true,"href":"https:\/\/aeterrasave.net\/biblioteca.digital\/wp-json\/wp\/v2\/comments?post=3400"}],"version-history":[{"count":1,"href":"https:\/\/aeterrasave.net\/biblioteca.digital\/wp-json\/wp\/v2\/posts\/3400\/revisions"}],"predecessor-version":[{"id":3402,"href":"https:\/\/aeterrasave.net\/biblioteca.digital\/wp-json\/wp\/v2\/posts\/3400\/revisions\/3402"}],"wp:featuredmedia":[{"embeddable":true,"href":"https:\/\/aeterrasave.net\/biblioteca.digital\/wp-json\/wp\/v2\/media\/3401"}],"wp:attachment":[{"href":"https:\/\/aeterrasave.net\/biblioteca.digital\/wp-json\/wp\/v2\/media?parent=3400"}],"wp:term":[{"taxonomy":"category","embeddable":true,"href":"https:\/\/aeterrasave.net\/biblioteca.digital\/wp-json\/wp\/v2\/categories?post=3400"},{"taxonomy":"post_tag","embeddable":true,"href":"https:\/\/aeterrasave.net\/biblioteca.digital\/wp-json\/wp\/v2\/tags?post=3400"}],"curies":[{"name":"wp","href":"https:\/\/api.w.org\/{rel}","templated":true}]}}