{"id":3697,"date":"2024-12-07T17:18:38","date_gmt":"2024-12-07T17:18:38","guid":{"rendered":"https:\/\/aeterrasave.net\/biblioteca.digital\/?p=3697"},"modified":"2024-12-07T17:18:38","modified_gmt":"2024-12-07T17:18:38","slug":"17-o-encontro-das-bibliotecas-de-famalicao-participacao-dos-pb-do-ae-terras-do-ave","status":"publish","type":"post","link":"https:\/\/aeterrasave.net\/biblioteca.digital\/2024\/12\/07\/17-o-encontro-das-bibliotecas-de-famalicao-participacao-dos-pb-do-ae-terras-do-ave\/","title":{"rendered":"17.\u00ba Encontro  das Bibliotecas de Famalic\u00e3o| participa\u00e7\u00e3o dos PB do AE Terras do Ave"},"content":{"rendered":"\n<figure class=\"wp-block-gallery has-nested-images columns-default is-cropped wp-block-gallery-1 is-layout-flex wp-block-gallery-is-layout-flex\">\n<figure class=\"wp-block-image size-large\"><img fetchpriority=\"high\" decoding=\"async\" width=\"2048\" height=\"1542\" data-id=\"3699\" src=\"https:\/\/aeterrasave.net\/biblioteca.digital\/wp-content\/uploads\/2024\/12\/1-1024x771.jpg\" alt=\"\" class=\"wp-image-3699\" srcset=\"https:\/\/aeterrasave.net\/biblioteca.digital\/wp-content\/uploads\/2024\/12\/1-1024x771.jpg 1024w, https:\/\/aeterrasave.net\/biblioteca.digital\/wp-content\/uploads\/2024\/12\/1-300x226.jpg 300w, https:\/\/aeterrasave.net\/biblioteca.digital\/wp-content\/uploads\/2024\/12\/1-768x578.jpg 768w, https:\/\/aeterrasave.net\/biblioteca.digital\/wp-content\/uploads\/2024\/12\/1-1536x1157.jpg 1536w, https:\/\/aeterrasave.net\/biblioteca.digital\/wp-content\/uploads\/2024\/12\/1.jpg 2048w\" sizes=\"(max-width: 2048px) 100vw, 2048px\" \/><\/figure>\n\n\n\n<figure class=\"wp-block-image size-large\"><img decoding=\"async\" width=\"1024\" height=\"771\" data-id=\"3698\" src=\"https:\/\/aeterrasave.net\/biblioteca.digital\/wp-content\/uploads\/2024\/12\/2-1024x771.jpg\" alt=\"\" class=\"wp-image-3698\" srcset=\"https:\/\/aeterrasave.net\/biblioteca.digital\/wp-content\/uploads\/2024\/12\/2-1024x771.jpg 1024w, https:\/\/aeterrasave.net\/biblioteca.digital\/wp-content\/uploads\/2024\/12\/2-300x226.jpg 300w, https:\/\/aeterrasave.net\/biblioteca.digital\/wp-content\/uploads\/2024\/12\/2-768x578.jpg 768w, https:\/\/aeterrasave.net\/biblioteca.digital\/wp-content\/uploads\/2024\/12\/2-1536x1157.jpg 1536w, https:\/\/aeterrasave.net\/biblioteca.digital\/wp-content\/uploads\/2024\/12\/2.jpg 2048w\" sizes=\"(max-width: 1024px) 100vw, 1024px\" \/><\/figure>\n<\/figure>\n\n\n\n<p>Dias 6 e 7 de dezembro na Biblioteca Municipal Camilo Castelo Branco e Workshops online.<\/p>\n","protected":false},"excerpt":{"rendered":"<p>Dias 6 e 7 de dezembro na Biblioteca Municipal Camilo Castelo Branco e Workshops online.<\/p>\n","protected":false},"author":1,"featured_media":3698,"comment_status":"open","ping_status":"","sticky":false,"template":"","format":"standard","meta":{"footnotes":""},"categories":[54],"tags":[56,139],"class_list":["post-3697","post","type-post","status-publish","format-standard","has-post-thumbnail","hentry","category-noticias-atividades","tag-divulgacao","tag-encontros-bibliotecas"],"_links":{"self":[{"href":"https:\/\/aeterrasave.net\/biblioteca.digital\/wp-json\/wp\/v2\/posts\/3697","targetHints":{"allow":["GET"]}}],"collection":[{"href":"https:\/\/aeterrasave.net\/biblioteca.digital\/wp-json\/wp\/v2\/posts"}],"about":[{"href":"https:\/\/aeterrasave.net\/biblioteca.digital\/wp-json\/wp\/v2\/types\/post"}],"author":[{"embeddable":true,"href":"https:\/\/aeterrasave.net\/biblioteca.digital\/wp-json\/wp\/v2\/users\/1"}],"replies":[{"embeddable":true,"href":"https:\/\/aeterrasave.net\/biblioteca.digital\/wp-json\/wp\/v2\/comments?post=3697"}],"version-history":[{"count":1,"href":"https:\/\/aeterrasave.net\/biblioteca.digital\/wp-json\/wp\/v2\/posts\/3697\/revisions"}],"predecessor-version":[{"id":3700,"href":"https:\/\/aeterrasave.net\/biblioteca.digital\/wp-json\/wp\/v2\/posts\/3697\/revisions\/3700"}],"wp:featuredmedia":[{"embeddable":true,"href":"https:\/\/aeterrasave.net\/biblioteca.digital\/wp-json\/wp\/v2\/media\/3698"}],"wp:attachment":[{"href":"https:\/\/aeterrasave.net\/biblioteca.digital\/wp-json\/wp\/v2\/media?parent=3697"}],"wp:term":[{"taxonomy":"category","embeddable":true,"href":"https:\/\/aeterrasave.net\/biblioteca.digital\/wp-json\/wp\/v2\/categories?post=3697"},{"taxonomy":"post_tag","embeddable":true,"href":"https:\/\/aeterrasave.net\/biblioteca.digital\/wp-json\/wp\/v2\/tags?post=3697"}],"curies":[{"name":"wp","href":"https:\/\/api.w.org\/{rel}","templated":true}]}}