{"id":3728,"date":"2024-12-16T16:51:46","date_gmt":"2024-12-16T16:51:46","guid":{"rendered":"https:\/\/aeterrasave.net\/biblioteca.digital\/?p=3728"},"modified":"2024-12-16T16:51:46","modified_gmt":"2024-12-16T16:51:46","slug":"concurso-convence-me-festa-da-leitura-do-ave-fase-escolar","status":"publish","type":"post","link":"https:\/\/aeterrasave.net\/biblioteca.digital\/2024\/12\/16\/concurso-convence-me-festa-da-leitura-do-ave-fase-escolar\/","title":{"rendered":"Concurso CONVENCE-ME &#8211; Festa da Leitura do Ave, fase escolar"},"content":{"rendered":"\n<p> Na manh\u00e3 do dia 16 de dezembro os alunos das escolas b\u00e1sicas do 1.\u00ba ciclo com Biblioteca escolar, concentraram-se na Biblioteca Escolar da EB Del\u00e3es, para participarem neste Concurso. A finalidade era a sele\u00e7\u00e3o, na Fase Escolar, de uma equipa que representar\u00e1 o AETA, na Fase Municipal a realizar em Janeiro. O J\u00fari de sele\u00e7\u00e3o foi constitu\u00eddo pelo coordenador das bibliotecas escolares do AETA, pela Diretora do Polo de Riba Ave da Biblioteca Municipal e por um elemento da Dire\u00e7\u00e3o, em representa\u00e7\u00e3o do Diretor do AETA.<\/p>\n\n\n\n<p>Os alunos fizeram a apresenta\u00e7\u00e3o de livros de literatura infantil como o &#8220;O Nabo gigante&#8221;, &#8221; A Menina que colecionava Palavras&#8221;, &#8221; Poemas da Mentira e da Verdade&#8221; e &#8221; A Girafa que comia Estrelas&#8221;. O desempenho de todas as cinco equipas foi de qualidade muito elevada, dificultando a tarefa do J\u00fari  em selecionar uma delas para representar o AETA, na Fase Municipal deste Concurso.<\/p>\n\n\n\n<p>A escolha recaiu na apresenta\u00e7\u00e3o do Livro &#8220;A Menina que colecionava Palavras&#8221;protagonizada pelos alunos das Turmas C3 e C4 da EB Del\u00e3es. Parab\u00e9ns a todos os participantes e aos respectivos professores que os prepararam e motivaram para a participa\u00e7\u00e3o neste Concurso de Leitura!<\/p>\n\n\n\n<figure class=\"wp-block-image size-large\"><img fetchpriority=\"high\" decoding=\"async\" width=\"1024\" height=\"474\" src=\"https:\/\/aeterrasave.net\/biblioteca.digital\/wp-content\/uploads\/2024\/12\/1-2-1024x474.jpg\" alt=\"\" class=\"wp-image-3729\" srcset=\"https:\/\/aeterrasave.net\/biblioteca.digital\/wp-content\/uploads\/2024\/12\/1-2-1024x474.jpg 1024w, https:\/\/aeterrasave.net\/biblioteca.digital\/wp-content\/uploads\/2024\/12\/1-2-300x139.jpg 300w, https:\/\/aeterrasave.net\/biblioteca.digital\/wp-content\/uploads\/2024\/12\/1-2-768x355.jpg 768w, https:\/\/aeterrasave.net\/biblioteca.digital\/wp-content\/uploads\/2024\/12\/1-2-1536x710.jpg 1536w, https:\/\/aeterrasave.net\/biblioteca.digital\/wp-content\/uploads\/2024\/12\/1-2.jpg 1600w\" sizes=\"(max-width: 1024px) 100vw, 1024px\" \/><\/figure>\n\n\n\n<figure class=\"wp-block-video\"><video height=\"850\" style=\"aspect-ratio: 478 \/ 850;\" width=\"478\" controls src=\"https:\/\/aeterrasave.net\/biblioteca.digital\/wp-content\/uploads\/2024\/12\/Video-WhatsApp-2024-12-16-as-14.30.33_c8105b40.mp4\"><\/video><\/figure>\n\n\n\n<figure class=\"wp-block-video\"><\/figure>\n","protected":false},"excerpt":{"rendered":"<p>Na manh\u00e3 do dia 16 de dezembro os alunos das escolas b\u00e1sicas do 1.\u00ba ciclo com Biblioteca escolar, concentraram-se na Biblioteca Escolar da EB Del\u00e3es, para participarem neste Concurso. A finalidade era a sele\u00e7\u00e3o, na Fase Escolar, de uma equipa que representar\u00e1 o AETA, na Fase Municipal a realizar em Janeiro. O J\u00fari de sele\u00e7\u00e3o &hellip; <a href=\"https:\/\/aeterrasave.net\/biblioteca.digital\/2024\/12\/16\/concurso-convence-me-festa-da-leitura-do-ave-fase-escolar\/\" class=\"more-link\">Continuar a ler<span class=\"screen-reader-text\">Concurso CONVENCE-ME &#8211; Festa da Leitura do Ave, fase escolar<\/span> <span class=\"meta-nav\">&rarr;<\/span><\/a><\/p>\n","protected":false},"author":1,"featured_media":3731,"comment_status":"open","ping_status":"","sticky":false,"template":"","format":"standard","meta":{"footnotes":""},"categories":[54],"tags":[119,56],"class_list":["post-3728","post","type-post","status-publish","format-standard","has-post-thumbnail","hentry","category-noticias-atividades","tag-concursos","tag-divulgacao"],"_links":{"self":[{"href":"https:\/\/aeterrasave.net\/biblioteca.digital\/wp-json\/wp\/v2\/posts\/3728","targetHints":{"allow":["GET"]}}],"collection":[{"href":"https:\/\/aeterrasave.net\/biblioteca.digital\/wp-json\/wp\/v2\/posts"}],"about":[{"href":"https:\/\/aeterrasave.net\/biblioteca.digital\/wp-json\/wp\/v2\/types\/post"}],"author":[{"embeddable":true,"href":"https:\/\/aeterrasave.net\/biblioteca.digital\/wp-json\/wp\/v2\/users\/1"}],"replies":[{"embeddable":true,"href":"https:\/\/aeterrasave.net\/biblioteca.digital\/wp-json\/wp\/v2\/comments?post=3728"}],"version-history":[{"count":1,"href":"https:\/\/aeterrasave.net\/biblioteca.digital\/wp-json\/wp\/v2\/posts\/3728\/revisions"}],"predecessor-version":[{"id":3732,"href":"https:\/\/aeterrasave.net\/biblioteca.digital\/wp-json\/wp\/v2\/posts\/3728\/revisions\/3732"}],"wp:featuredmedia":[{"embeddable":true,"href":"https:\/\/aeterrasave.net\/biblioteca.digital\/wp-json\/wp\/v2\/media\/3731"}],"wp:attachment":[{"href":"https:\/\/aeterrasave.net\/biblioteca.digital\/wp-json\/wp\/v2\/media?parent=3728"}],"wp:term":[{"taxonomy":"category","embeddable":true,"href":"https:\/\/aeterrasave.net\/biblioteca.digital\/wp-json\/wp\/v2\/categories?post=3728"},{"taxonomy":"post_tag","embeddable":true,"href":"https:\/\/aeterrasave.net\/biblioteca.digital\/wp-json\/wp\/v2\/tags?post=3728"}],"curies":[{"name":"wp","href":"https:\/\/api.w.org\/{rel}","templated":true}]}}