{"id":3741,"date":"2025-01-10T12:39:06","date_gmt":"2025-01-10T12:39:06","guid":{"rendered":"https:\/\/aeterrasave.net\/biblioteca.digital\/?p=3741"},"modified":"2025-01-10T12:40:48","modified_gmt":"2025-01-10T12:40:48","slug":"hora-do-conto-3-o-ano-prof-claudio","status":"publish","type":"post","link":"https:\/\/aeterrasave.net\/biblioteca.digital\/2025\/01\/10\/hora-do-conto-3-o-ano-prof-claudio\/","title":{"rendered":"Hora do conto &#8211; 3.\u00ba ano | prof. Cla\u00fadio | escola sede"},"content":{"rendered":"\n<figure class=\"wp-block-image size-large\"><img fetchpriority=\"high\" decoding=\"async\" width=\"1024\" height=\"768\" src=\"https:\/\/aeterrasave.net\/biblioteca.digital\/wp-content\/uploads\/2025\/01\/1-1024x768.jpg\" alt=\"\" class=\"wp-image-3742\" srcset=\"https:\/\/aeterrasave.net\/biblioteca.digital\/wp-content\/uploads\/2025\/01\/1-1024x768.jpg 1024w, https:\/\/aeterrasave.net\/biblioteca.digital\/wp-content\/uploads\/2025\/01\/1-300x225.jpg 300w, https:\/\/aeterrasave.net\/biblioteca.digital\/wp-content\/uploads\/2025\/01\/1-768x576.jpg 768w, https:\/\/aeterrasave.net\/biblioteca.digital\/wp-content\/uploads\/2025\/01\/1-1536x1152.jpg 1536w, https:\/\/aeterrasave.net\/biblioteca.digital\/wp-content\/uploads\/2025\/01\/1.jpg 2048w\" sizes=\"(max-width: 1024px) 100vw, 1024px\" \/><\/figure>\n\n\n\n<p>&#8220;O aqu\u00e1rio&#8221; de Jo\u00e3o Pedro M\u00e9sseder | educa\u00e7\u00e3o liter\u00e1ria<\/p>\n","protected":false},"excerpt":{"rendered":"<p>&#8220;O aqu\u00e1rio&#8221; de Jo\u00e3o Pedro M\u00e9sseder | educa\u00e7\u00e3o liter\u00e1ria<\/p>\n","protected":false},"author":1,"featured_media":3742,"comment_status":"open","ping_status":"","sticky":false,"template":"","format":"standard","meta":{"footnotes":""},"categories":[54],"tags":[55],"class_list":["post-3741","post","type-post","status-publish","format-standard","has-post-thumbnail","hentry","category-noticias-atividades","tag-hora-do-conto"],"_links":{"self":[{"href":"https:\/\/aeterrasave.net\/biblioteca.digital\/wp-json\/wp\/v2\/posts\/3741","targetHints":{"allow":["GET"]}}],"collection":[{"href":"https:\/\/aeterrasave.net\/biblioteca.digital\/wp-json\/wp\/v2\/posts"}],"about":[{"href":"https:\/\/aeterrasave.net\/biblioteca.digital\/wp-json\/wp\/v2\/types\/post"}],"author":[{"embeddable":true,"href":"https:\/\/aeterrasave.net\/biblioteca.digital\/wp-json\/wp\/v2\/users\/1"}],"replies":[{"embeddable":true,"href":"https:\/\/aeterrasave.net\/biblioteca.digital\/wp-json\/wp\/v2\/comments?post=3741"}],"version-history":[{"count":2,"href":"https:\/\/aeterrasave.net\/biblioteca.digital\/wp-json\/wp\/v2\/posts\/3741\/revisions"}],"predecessor-version":[{"id":3744,"href":"https:\/\/aeterrasave.net\/biblioteca.digital\/wp-json\/wp\/v2\/posts\/3741\/revisions\/3744"}],"wp:featuredmedia":[{"embeddable":true,"href":"https:\/\/aeterrasave.net\/biblioteca.digital\/wp-json\/wp\/v2\/media\/3742"}],"wp:attachment":[{"href":"https:\/\/aeterrasave.net\/biblioteca.digital\/wp-json\/wp\/v2\/media?parent=3741"}],"wp:term":[{"taxonomy":"category","embeddable":true,"href":"https:\/\/aeterrasave.net\/biblioteca.digital\/wp-json\/wp\/v2\/categories?post=3741"},{"taxonomy":"post_tag","embeddable":true,"href":"https:\/\/aeterrasave.net\/biblioteca.digital\/wp-json\/wp\/v2\/tags?post=3741"}],"curies":[{"name":"wp","href":"https:\/\/api.w.org\/{rel}","templated":true}]}}