{"id":3805,"date":"2025-01-29T18:50:07","date_gmt":"2025-01-29T18:50:07","guid":{"rendered":"https:\/\/aeterrasave.net\/biblioteca.digital\/?p=3805"},"modified":"2025-01-29T18:50:07","modified_gmt":"2025-01-29T18:50:07","slug":"atividades-do-cheque-cultura-do-mes-de-fevereiro","status":"publish","type":"post","link":"https:\/\/aeterrasave.net\/biblioteca.digital\/2025\/01\/29\/atividades-do-cheque-cultura-do-mes-de-fevereiro\/","title":{"rendered":"Atividades do Cheque Cultura do m\u00eas de Fevereiro"},"content":{"rendered":"\n<p>\u00a0A equipa PCE partilha a listagem dos espet\u00e1culo inseridos no \u00e2mbito do\u00a0<strong>Cheque Cultura <\/strong>para o m\u00eas de<strong> <\/strong>fevereiro.<\/p>\n\n\n\n<ul class=\"wp-block-list\">\n<li><strong>TEATRO<\/strong><strong>&#8211;\u00a0<u>Os Dem\u00f3nios N\u00e3o Gostam de Ar Fresco<\/u><\/strong>-7 fevereiro 21:30h |Grande audit\u00f3rio | M\/14\u00a0 Casa das Artes<\/li>\n<\/ul>\n\n\n\n<ul class=\"wp-block-list\">\n<li><strong>M\u00daSICA<\/strong>&#8211;<strong><u>Fado no caf\u00e9 da casa<\/u><\/strong>\u00a0-13 fevereiro 21:30h l Caf\u00e9 concerto | M\/6\u00a0 Casa das Artes<\/li>\n<\/ul>\n\n\n\n<ul class=\"wp-block-list\">\n<li><strong>CINEMA<\/strong>\u00a0&#8211;\u00a0<strong><u>MUFASA :O REI LE\u00c3O<\/u><\/strong>\u00a0\u2013 1 fevereiro -16:00h Audit\u00f3rio | M\/6\u00a0 l Teatro Narciso Ferreira<\/li>\n<\/ul>\n\n\n\n<ul class=\"wp-block-list\">\n<li><strong>CINEMA\u00a0<u>&#8211;<\/u><\/strong><strong><u>\u00a0AQUI<\/u><\/strong>-fevereiro -1 fevereiro &#8211; 21:30h|Audit\u00f3rio | M\/12 l Teatro Narciso Ferreira<\/li>\n<\/ul>\n\n\n\n<ul class=\"wp-block-list\">\n<li><strong>M\u00daSICA-<u>Cl\u00e1ssicos vs Contempor\u00e2neos<\/u><\/strong>\u00a0-22 fevereiro 16:00h l Audit\u00f3rio M\/6 l\u00a0 Teatro Narciso Ferreira.<\/li>\n<\/ul>\n","protected":false},"excerpt":{"rendered":"<p>\u00a0A equipa PCE partilha a listagem dos espet\u00e1culo inseridos no \u00e2mbito do\u00a0Cheque Cultura para o m\u00eas de fevereiro.<\/p>\n","protected":false},"author":1,"featured_media":3781,"comment_status":"open","ping_status":"","sticky":false,"template":"","format":"standard","meta":{"footnotes":""},"categories":[54],"tags":[140,56],"class_list":["post-3805","post","type-post","status-publish","format-standard","has-post-thumbnail","hentry","category-noticias-atividades","tag-cheque-cultura","tag-divulgacao"],"_links":{"self":[{"href":"https:\/\/aeterrasave.net\/biblioteca.digital\/wp-json\/wp\/v2\/posts\/3805","targetHints":{"allow":["GET"]}}],"collection":[{"href":"https:\/\/aeterrasave.net\/biblioteca.digital\/wp-json\/wp\/v2\/posts"}],"about":[{"href":"https:\/\/aeterrasave.net\/biblioteca.digital\/wp-json\/wp\/v2\/types\/post"}],"author":[{"embeddable":true,"href":"https:\/\/aeterrasave.net\/biblioteca.digital\/wp-json\/wp\/v2\/users\/1"}],"replies":[{"embeddable":true,"href":"https:\/\/aeterrasave.net\/biblioteca.digital\/wp-json\/wp\/v2\/comments?post=3805"}],"version-history":[{"count":1,"href":"https:\/\/aeterrasave.net\/biblioteca.digital\/wp-json\/wp\/v2\/posts\/3805\/revisions"}],"predecessor-version":[{"id":3806,"href":"https:\/\/aeterrasave.net\/biblioteca.digital\/wp-json\/wp\/v2\/posts\/3805\/revisions\/3806"}],"wp:featuredmedia":[{"embeddable":true,"href":"https:\/\/aeterrasave.net\/biblioteca.digital\/wp-json\/wp\/v2\/media\/3781"}],"wp:attachment":[{"href":"https:\/\/aeterrasave.net\/biblioteca.digital\/wp-json\/wp\/v2\/media?parent=3805"}],"wp:term":[{"taxonomy":"category","embeddable":true,"href":"https:\/\/aeterrasave.net\/biblioteca.digital\/wp-json\/wp\/v2\/categories?post=3805"},{"taxonomy":"post_tag","embeddable":true,"href":"https:\/\/aeterrasave.net\/biblioteca.digital\/wp-json\/wp\/v2\/tags?post=3805"}],"curies":[{"name":"wp","href":"https:\/\/api.w.org\/{rel}","templated":true}]}}