{"id":3926,"date":"2025-05-05T19:27:02","date_gmt":"2025-05-05T19:27:02","guid":{"rendered":"https:\/\/aeterrasave.net\/biblioteca.digital\/?p=3926"},"modified":"2025-05-05T19:27:02","modified_gmt":"2025-05-05T19:27:02","slug":"hora-do-conto-na-eb-de-ruivaes","status":"publish","type":"post","link":"https:\/\/aeterrasave.net\/biblioteca.digital\/2025\/05\/05\/hora-do-conto-na-eb-de-ruivaes\/","title":{"rendered":"Hora do Conto na EB de Ruiv\u00e3es"},"content":{"rendered":"\n<p>Os dias s\u00e3o de invocar a &#8220;M\u00c3E &#8220;, ter presente a sua import\u00e2ncia e o seu insubstitu\u00edvel papel no imagin\u00e1rio e na vida das crian\u00e7as. Trouxemos o Conto, &#8220;A M\u00c3E \u00c9 MINHA&#8221; que \u00e9 uma bela hist\u00f3ria recheada de afetos e de imagens ternas que coloca o papel da M\u00c3E no crescimento afetivo das nossas crian\u00e7as. Um Conto exemplarmente criado por J\u00falio Machado Vaz.<\/p>\n\n\n\n<figure class=\"wp-block-gallery has-nested-images columns-default is-cropped wp-block-gallery-1 is-layout-flex wp-block-gallery-is-layout-flex\">\n<figure class=\"wp-block-image size-large\"><img fetchpriority=\"high\" decoding=\"async\" width=\"1024\" height=\"473\" data-id=\"3927\" src=\"https:\/\/aeterrasave.net\/biblioteca.digital\/wp-content\/uploads\/2025\/05\/1-1024x473.jpg\" alt=\"\" class=\"wp-image-3927\" srcset=\"https:\/\/aeterrasave.net\/biblioteca.digital\/wp-content\/uploads\/2025\/05\/1-1024x473.jpg 1024w, https:\/\/aeterrasave.net\/biblioteca.digital\/wp-content\/uploads\/2025\/05\/1-300x139.jpg 300w, https:\/\/aeterrasave.net\/biblioteca.digital\/wp-content\/uploads\/2025\/05\/1-768x355.jpg 768w, https:\/\/aeterrasave.net\/biblioteca.digital\/wp-content\/uploads\/2025\/05\/1-1536x710.jpg 1536w, https:\/\/aeterrasave.net\/biblioteca.digital\/wp-content\/uploads\/2025\/05\/1.jpg 2048w\" sizes=\"(max-width: 1024px) 100vw, 1024px\" \/><\/figure>\n\n\n\n<figure class=\"wp-block-image size-large\"><img decoding=\"async\" width=\"1024\" height=\"473\" data-id=\"3928\" src=\"https:\/\/aeterrasave.net\/biblioteca.digital\/wp-content\/uploads\/2025\/05\/2-1024x473.jpg\" alt=\"\" class=\"wp-image-3928\" srcset=\"https:\/\/aeterrasave.net\/biblioteca.digital\/wp-content\/uploads\/2025\/05\/2-1024x473.jpg 1024w, https:\/\/aeterrasave.net\/biblioteca.digital\/wp-content\/uploads\/2025\/05\/2-300x139.jpg 300w, https:\/\/aeterrasave.net\/biblioteca.digital\/wp-content\/uploads\/2025\/05\/2-768x355.jpg 768w, https:\/\/aeterrasave.net\/biblioteca.digital\/wp-content\/uploads\/2025\/05\/2-1536x710.jpg 1536w, https:\/\/aeterrasave.net\/biblioteca.digital\/wp-content\/uploads\/2025\/05\/2.jpg 2048w\" sizes=\"(max-width: 1024px) 100vw, 1024px\" \/><\/figure>\n\n\n\n<figure class=\"wp-block-image size-large\"><img decoding=\"async\" width=\"1024\" height=\"474\" data-id=\"3929\" src=\"https:\/\/aeterrasave.net\/biblioteca.digital\/wp-content\/uploads\/2025\/05\/3-1024x474.jpg\" alt=\"\" class=\"wp-image-3929\" srcset=\"https:\/\/aeterrasave.net\/biblioteca.digital\/wp-content\/uploads\/2025\/05\/3-1024x474.jpg 1024w, https:\/\/aeterrasave.net\/biblioteca.digital\/wp-content\/uploads\/2025\/05\/3-300x139.jpg 300w, https:\/\/aeterrasave.net\/biblioteca.digital\/wp-content\/uploads\/2025\/05\/3-768x355.jpg 768w, https:\/\/aeterrasave.net\/biblioteca.digital\/wp-content\/uploads\/2025\/05\/3-1536x710.jpg 1536w, https:\/\/aeterrasave.net\/biblioteca.digital\/wp-content\/uploads\/2025\/05\/3.jpg 2048w\" sizes=\"(max-width: 1024px) 100vw, 1024px\" \/><\/figure>\n<\/figure>\n","protected":false},"excerpt":{"rendered":"<p>Os dias s\u00e3o de invocar a &#8220;M\u00c3E &#8220;, ter presente a sua import\u00e2ncia e o seu insubstitu\u00edvel papel no imagin\u00e1rio e na vida das crian\u00e7as. Trouxemos o Conto, &#8220;A M\u00c3E \u00c9 MINHA&#8221; que \u00e9 uma bela hist\u00f3ria recheada de afetos e de imagens ternas que coloca o papel da M\u00c3E no crescimento afetivo das nossas &hellip; <a href=\"https:\/\/aeterrasave.net\/biblioteca.digital\/2025\/05\/05\/hora-do-conto-na-eb-de-ruivaes\/\" class=\"more-link\">Continuar a ler<span class=\"screen-reader-text\">Hora do Conto na EB de Ruiv\u00e3es<\/span> <span class=\"meta-nav\">&rarr;<\/span><\/a><\/p>\n","protected":false},"author":1,"featured_media":3929,"comment_status":"open","ping_status":"","sticky":false,"template":"","format":"standard","meta":{"footnotes":""},"categories":[54],"tags":[56,55],"class_list":["post-3926","post","type-post","status-publish","format-standard","has-post-thumbnail","hentry","category-noticias-atividades","tag-divulgacao","tag-hora-do-conto"],"_links":{"self":[{"href":"https:\/\/aeterrasave.net\/biblioteca.digital\/wp-json\/wp\/v2\/posts\/3926","targetHints":{"allow":["GET"]}}],"collection":[{"href":"https:\/\/aeterrasave.net\/biblioteca.digital\/wp-json\/wp\/v2\/posts"}],"about":[{"href":"https:\/\/aeterrasave.net\/biblioteca.digital\/wp-json\/wp\/v2\/types\/post"}],"author":[{"embeddable":true,"href":"https:\/\/aeterrasave.net\/biblioteca.digital\/wp-json\/wp\/v2\/users\/1"}],"replies":[{"embeddable":true,"href":"https:\/\/aeterrasave.net\/biblioteca.digital\/wp-json\/wp\/v2\/comments?post=3926"}],"version-history":[{"count":1,"href":"https:\/\/aeterrasave.net\/biblioteca.digital\/wp-json\/wp\/v2\/posts\/3926\/revisions"}],"predecessor-version":[{"id":3930,"href":"https:\/\/aeterrasave.net\/biblioteca.digital\/wp-json\/wp\/v2\/posts\/3926\/revisions\/3930"}],"wp:featuredmedia":[{"embeddable":true,"href":"https:\/\/aeterrasave.net\/biblioteca.digital\/wp-json\/wp\/v2\/media\/3929"}],"wp:attachment":[{"href":"https:\/\/aeterrasave.net\/biblioteca.digital\/wp-json\/wp\/v2\/media?parent=3926"}],"wp:term":[{"taxonomy":"category","embeddable":true,"href":"https:\/\/aeterrasave.net\/biblioteca.digital\/wp-json\/wp\/v2\/categories?post=3926"},{"taxonomy":"post_tag","embeddable":true,"href":"https:\/\/aeterrasave.net\/biblioteca.digital\/wp-json\/wp\/v2\/tags?post=3926"}],"curies":[{"name":"wp","href":"https:\/\/api.w.org\/{rel}","templated":true}]}}