{"id":3955,"date":"2025-05-12T15:11:33","date_gmt":"2025-05-12T15:11:33","guid":{"rendered":"https:\/\/aeterrasave.net\/biblioteca.digital\/?p=3955"},"modified":"2025-05-12T15:11:33","modified_gmt":"2025-05-12T15:11:33","slug":"feira-do-livro-no-aeta","status":"publish","type":"post","link":"https:\/\/aeterrasave.net\/biblioteca.digital\/2025\/05\/12\/feira-do-livro-no-aeta\/","title":{"rendered":"Feira do Livro no AETA"},"content":{"rendered":"\n<p>Participa\u00e7\u00e3o do escritor Francisco Andr\u00e9 Silva | A Menina do N\u00e3o!<\/p>\n\n\n\n<figure class=\"wp-block-image size-large\"><img fetchpriority=\"high\" decoding=\"async\" width=\"819\" height=\"1024\" src=\"https:\/\/aeterrasave.net\/biblioteca.digital\/wp-content\/uploads\/2025\/05\/cartaz-feira-livro-aeta-819x1024.png\" alt=\"\" class=\"wp-image-3956\" srcset=\"https:\/\/aeterrasave.net\/biblioteca.digital\/wp-content\/uploads\/2025\/05\/cartaz-feira-livro-aeta-819x1024.png 819w, https:\/\/aeterrasave.net\/biblioteca.digital\/wp-content\/uploads\/2025\/05\/cartaz-feira-livro-aeta-240x300.png 240w, https:\/\/aeterrasave.net\/biblioteca.digital\/wp-content\/uploads\/2025\/05\/cartaz-feira-livro-aeta-768x960.png 768w, https:\/\/aeterrasave.net\/biblioteca.digital\/wp-content\/uploads\/2025\/05\/cartaz-feira-livro-aeta.png 1080w\" sizes=\"(max-width: 819px) 100vw, 819px\" \/><\/figure>\n","protected":false},"excerpt":{"rendered":"<p>Participa\u00e7\u00e3o do escritor Francisco Andr\u00e9 Silva | A Menina do N\u00e3o!<\/p>\n","protected":false},"author":1,"featured_media":3956,"comment_status":"open","ping_status":"","sticky":false,"template":"","format":"standard","meta":{"footnotes":""},"categories":[54],"tags":[56],"class_list":["post-3955","post","type-post","status-publish","format-standard","has-post-thumbnail","hentry","category-noticias-atividades","tag-divulgacao"],"_links":{"self":[{"href":"https:\/\/aeterrasave.net\/biblioteca.digital\/wp-json\/wp\/v2\/posts\/3955","targetHints":{"allow":["GET"]}}],"collection":[{"href":"https:\/\/aeterrasave.net\/biblioteca.digital\/wp-json\/wp\/v2\/posts"}],"about":[{"href":"https:\/\/aeterrasave.net\/biblioteca.digital\/wp-json\/wp\/v2\/types\/post"}],"author":[{"embeddable":true,"href":"https:\/\/aeterrasave.net\/biblioteca.digital\/wp-json\/wp\/v2\/users\/1"}],"replies":[{"embeddable":true,"href":"https:\/\/aeterrasave.net\/biblioteca.digital\/wp-json\/wp\/v2\/comments?post=3955"}],"version-history":[{"count":1,"href":"https:\/\/aeterrasave.net\/biblioteca.digital\/wp-json\/wp\/v2\/posts\/3955\/revisions"}],"predecessor-version":[{"id":3957,"href":"https:\/\/aeterrasave.net\/biblioteca.digital\/wp-json\/wp\/v2\/posts\/3955\/revisions\/3957"}],"wp:featuredmedia":[{"embeddable":true,"href":"https:\/\/aeterrasave.net\/biblioteca.digital\/wp-json\/wp\/v2\/media\/3956"}],"wp:attachment":[{"href":"https:\/\/aeterrasave.net\/biblioteca.digital\/wp-json\/wp\/v2\/media?parent=3955"}],"wp:term":[{"taxonomy":"category","embeddable":true,"href":"https:\/\/aeterrasave.net\/biblioteca.digital\/wp-json\/wp\/v2\/categories?post=3955"},{"taxonomy":"post_tag","embeddable":true,"href":"https:\/\/aeterrasave.net\/biblioteca.digital\/wp-json\/wp\/v2\/tags?post=3955"}],"curies":[{"name":"wp","href":"https:\/\/api.w.org\/{rel}","templated":true}]}}