{"id":4247,"date":"2025-11-18T15:02:13","date_gmt":"2025-11-18T15:02:13","guid":{"rendered":"https:\/\/aeterrasave.net\/biblioteca.digital\/?p=4247"},"modified":"2025-11-18T15:02:13","modified_gmt":"2025-11-18T15:02:13","slug":"espetaculos-incluidos-no-ambito-do-cheque-cultura-para-dezembro","status":"publish","type":"post","link":"https:\/\/aeterrasave.net\/biblioteca.digital\/2025\/11\/18\/espetaculos-incluidos-no-ambito-do-cheque-cultura-para-dezembro\/","title":{"rendered":"Espet\u00e1culos inclu\u00eddos no \u00e2mbito do\u00a0cheque cultura para\u00a0 \u00a0dezembro"},"content":{"rendered":"\n<figure class=\"wp-block-image size-full\"><img fetchpriority=\"high\" decoding=\"async\" width=\"800\" height=\"600\" src=\"https:\/\/aeterrasave.net\/biblioteca.digital\/wp-content\/uploads\/2025\/11\/1-2-1.jpg\" alt=\"\" class=\"wp-image-4248\" srcset=\"https:\/\/aeterrasave.net\/biblioteca.digital\/wp-content\/uploads\/2025\/11\/1-2-1.jpg 800w, https:\/\/aeterrasave.net\/biblioteca.digital\/wp-content\/uploads\/2025\/11\/1-2-1-300x225.jpg 300w, https:\/\/aeterrasave.net\/biblioteca.digital\/wp-content\/uploads\/2025\/11\/1-2-1-768x576.jpg 768w\" sizes=\"(max-width: 800px) 100vw, 800px\" \/><\/figure>\n\n\n\n<p>&nbsp;CASA DAS ARTES<\/p>\n\n\n\n<p><strong>Circo Contempor\u00e2neo l<\/strong>&nbsp;<strong>EU QUERO \u00c9 ANDAR DE CARRINHOS DE CHOQUE&nbsp;<\/strong>l 4 e 5 de dezembro, quinta e sexta-feira,&nbsp;<strong>21:30<\/strong>&nbsp;&nbsp;&nbsp;Grande Audit\u00f3rio&nbsp;<strong><em>M\/16<\/em><\/strong><strong><\/strong><\/p>\n\n\n\n<p><strong>Cinema|&nbsp;<\/strong>ZOOTR\u00d3POLIS 2&nbsp;<strong>&nbsp;l<\/strong>&nbsp;18 de outubro<strong>,&nbsp;<\/strong>quinta-feira<strong>, 10:30&nbsp;e 14:30 &nbsp;G<\/strong>rande Audit\u00f3rio&nbsp;<strong><em>M\/6<\/em><\/strong><strong><\/strong><\/p>\n\n\n\n<p><strong><em>TEATRO NARCISO FERREIRA<\/em><\/strong><\/p>\n\n\n\n<p><strong>M\u00fasica&nbsp;<\/strong>l&nbsp;CLUB MAKUMBA l5 dezembro, sexta-feira,&nbsp;<strong>21:30<\/strong>&nbsp;Audit\u00f3rio&nbsp;<strong><em>M\/6<\/em><\/strong><\/p>\n\n\n\n<p><strong>Cinema<\/strong>|&nbsp;ELIO l6 dezembro, s\u00e1bado,&nbsp;<strong>16:00<\/strong>&nbsp;Audit\u00f3rio&nbsp;<strong><em>M\/6<\/em><\/strong><\/p>\n\n\n\n<p><strong>Cinema|&nbsp;<\/strong>UM LADR\u00c3O NO TELHADO<strong>&nbsp;l&nbsp;<\/strong>6 dezembro, s\u00e1bado,&nbsp;<strong>21:30<\/strong>&nbsp;Audit\u00f3rio&nbsp;<strong><em>M\/12<\/em><\/strong><\/p>\n\n\n\n<p><strong>Circo Contempor\u00e2neo l&nbsp;<\/strong>PREL\u00daDIO BYE BYE<strong>&nbsp;,<\/strong>13 dezembro, s\u00e1bado,&nbsp;<strong>16:00<\/strong>&nbsp;&nbsp;&nbsp; Audit\u00f3rio&nbsp;<strong><em>M\/8<\/em><\/strong><\/p>\n\n\n\n<p><\/p>\n","protected":false},"excerpt":{"rendered":"<p>&nbsp;CASA DAS ARTES Circo Contempor\u00e2neo l&nbsp;EU QUERO \u00c9 ANDAR DE CARRINHOS DE CHOQUE&nbsp;l 4 e 5 de dezembro, quinta e sexta-feira,&nbsp;21:30&nbsp;&nbsp;&nbsp;Grande Audit\u00f3rio&nbsp;M\/16 Cinema|&nbsp;ZOOTR\u00d3POLIS 2&nbsp;&nbsp;l&nbsp;18 de outubro,&nbsp;quinta-feira, 10:30&nbsp;e 14:30 &nbsp;Grande Audit\u00f3rio&nbsp;M\/6 TEATRO NARCISO FERREIRA M\u00fasica&nbsp;l&nbsp;CLUB MAKUMBA l5 dezembro, sexta-feira,&nbsp;21:30&nbsp;Audit\u00f3rio&nbsp;M\/6 Cinema|&nbsp;ELIO l6 dezembro, s\u00e1bado,&nbsp;16:00&nbsp;Audit\u00f3rio&nbsp;M\/6 Cinema|&nbsp;UM LADR\u00c3O NO TELHADO&nbsp;l&nbsp;6 dezembro, s\u00e1bado,&nbsp;21:30&nbsp;Audit\u00f3rio&nbsp;M\/12 Circo Contempor\u00e2neo l&nbsp;PREL\u00daDIO BYE BYE&nbsp;,13 dezembro, s\u00e1bado,&nbsp;16:00&nbsp;&nbsp;&nbsp; &hellip; <a href=\"https:\/\/aeterrasave.net\/biblioteca.digital\/2025\/11\/18\/espetaculos-incluidos-no-ambito-do-cheque-cultura-para-dezembro\/\" class=\"more-link\">Continuar a ler<span class=\"screen-reader-text\">Espet\u00e1culos inclu\u00eddos no \u00e2mbito do\u00a0cheque cultura para\u00a0 \u00a0dezembro<\/span> <span class=\"meta-nav\">&rarr;<\/span><\/a><\/p>\n","protected":false},"author":1,"featured_media":4248,"comment_status":"open","ping_status":"","sticky":false,"template":"","format":"standard","meta":{"footnotes":""},"categories":[54],"tags":[140,56],"class_list":["post-4247","post","type-post","status-publish","format-standard","has-post-thumbnail","hentry","category-noticias-atividades","tag-cheque-cultura","tag-divulgacao"],"_links":{"self":[{"href":"https:\/\/aeterrasave.net\/biblioteca.digital\/wp-json\/wp\/v2\/posts\/4247","targetHints":{"allow":["GET"]}}],"collection":[{"href":"https:\/\/aeterrasave.net\/biblioteca.digital\/wp-json\/wp\/v2\/posts"}],"about":[{"href":"https:\/\/aeterrasave.net\/biblioteca.digital\/wp-json\/wp\/v2\/types\/post"}],"author":[{"embeddable":true,"href":"https:\/\/aeterrasave.net\/biblioteca.digital\/wp-json\/wp\/v2\/users\/1"}],"replies":[{"embeddable":true,"href":"https:\/\/aeterrasave.net\/biblioteca.digital\/wp-json\/wp\/v2\/comments?post=4247"}],"version-history":[{"count":1,"href":"https:\/\/aeterrasave.net\/biblioteca.digital\/wp-json\/wp\/v2\/posts\/4247\/revisions"}],"predecessor-version":[{"id":4249,"href":"https:\/\/aeterrasave.net\/biblioteca.digital\/wp-json\/wp\/v2\/posts\/4247\/revisions\/4249"}],"wp:featuredmedia":[{"embeddable":true,"href":"https:\/\/aeterrasave.net\/biblioteca.digital\/wp-json\/wp\/v2\/media\/4248"}],"wp:attachment":[{"href":"https:\/\/aeterrasave.net\/biblioteca.digital\/wp-json\/wp\/v2\/media?parent=4247"}],"wp:term":[{"taxonomy":"category","embeddable":true,"href":"https:\/\/aeterrasave.net\/biblioteca.digital\/wp-json\/wp\/v2\/categories?post=4247"},{"taxonomy":"post_tag","embeddable":true,"href":"https:\/\/aeterrasave.net\/biblioteca.digital\/wp-json\/wp\/v2\/tags?post=4247"}],"curies":[{"name":"wp","href":"https:\/\/api.w.org\/{rel}","templated":true}]}}