{"id":4484,"date":"2026-04-28T08:55:46","date_gmt":"2026-04-28T08:55:46","guid":{"rendered":"https:\/\/aeterrasave.net\/biblioteca.digital\/?p=4484"},"modified":"2026-04-28T08:55:46","modified_gmt":"2026-04-28T08:55:46","slug":"hora-do-conto-para-o-1-o-ano-na-eb-terras-do-ave","status":"publish","type":"post","link":"https:\/\/aeterrasave.net\/biblioteca.digital\/2026\/04\/28\/hora-do-conto-para-o-1-o-ano-na-eb-terras-do-ave\/","title":{"rendered":"Hora do conto para o 1.\u00ba ano na EB Terras do Ave"},"content":{"rendered":"\n<figure class=\"wp-block-gallery has-nested-images columns-default is-cropped wp-block-gallery-1 is-layout-flex wp-block-gallery-is-layout-flex\">\n<figure class=\"wp-block-image size-large\"><img fetchpriority=\"high\" decoding=\"async\" width=\"1024\" height=\"771\" data-id=\"4485\" src=\"https:\/\/aeterrasave.net\/biblioteca.digital\/wp-content\/uploads\/2026\/04\/1-1024x771.jpeg\" alt=\"\" class=\"wp-image-4485\" srcset=\"https:\/\/aeterrasave.net\/biblioteca.digital\/wp-content\/uploads\/2026\/04\/1-1024x771.jpeg 1024w, https:\/\/aeterrasave.net\/biblioteca.digital\/wp-content\/uploads\/2026\/04\/1-300x226.jpeg 300w, https:\/\/aeterrasave.net\/biblioteca.digital\/wp-content\/uploads\/2026\/04\/1-768x578.jpeg 768w, https:\/\/aeterrasave.net\/biblioteca.digital\/wp-content\/uploads\/2026\/04\/1-1536x1157.jpeg 1536w, https:\/\/aeterrasave.net\/biblioteca.digital\/wp-content\/uploads\/2026\/04\/1-rotated.jpeg 2040w\" sizes=\"(max-width: 1024px) 100vw, 1024px\" \/><\/figure>\n\n\n\n<figure class=\"wp-block-image size-large\"><img decoding=\"async\" width=\"1024\" height=\"771\" data-id=\"4487\" src=\"https:\/\/aeterrasave.net\/biblioteca.digital\/wp-content\/uploads\/2026\/04\/2-1024x771.jpeg\" alt=\"\" class=\"wp-image-4487\" srcset=\"https:\/\/aeterrasave.net\/biblioteca.digital\/wp-content\/uploads\/2026\/04\/2-1024x771.jpeg 1024w, https:\/\/aeterrasave.net\/biblioteca.digital\/wp-content\/uploads\/2026\/04\/2-300x226.jpeg 300w, https:\/\/aeterrasave.net\/biblioteca.digital\/wp-content\/uploads\/2026\/04\/2-768x578.jpeg 768w, https:\/\/aeterrasave.net\/biblioteca.digital\/wp-content\/uploads\/2026\/04\/2-1536x1157.jpeg 1536w, https:\/\/aeterrasave.net\/biblioteca.digital\/wp-content\/uploads\/2026\/04\/2.jpeg 2040w\" sizes=\"(max-width: 1024px) 100vw, 1024px\" \/><\/figure>\n\n\n\n<figure class=\"wp-block-image size-large\"><img decoding=\"async\" width=\"771\" height=\"1024\" data-id=\"4486\" src=\"https:\/\/aeterrasave.net\/biblioteca.digital\/wp-content\/uploads\/2026\/04\/3-771x1024.jpeg\" alt=\"\" class=\"wp-image-4486\" srcset=\"https:\/\/aeterrasave.net\/biblioteca.digital\/wp-content\/uploads\/2026\/04\/3-771x1024.jpeg 771w, https:\/\/aeterrasave.net\/biblioteca.digital\/wp-content\/uploads\/2026\/04\/3-226x300.jpeg 226w, https:\/\/aeterrasave.net\/biblioteca.digital\/wp-content\/uploads\/2026\/04\/3-768x1020.jpeg 768w, https:\/\/aeterrasave.net\/biblioteca.digital\/wp-content\/uploads\/2026\/04\/3-1157x1536.jpeg 1157w, https:\/\/aeterrasave.net\/biblioteca.digital\/wp-content\/uploads\/2026\/04\/3.jpeg 1536w\" sizes=\"(max-width: 771px) 100vw, 771px\" \/><\/figure>\n<\/figure>\n\n\n\n<p id=\"block-9561c54e-1c63-40dd-a5c4-5cc89b2bb971\">1.\u00ba ano da professora Cristina Costa | dinamiza\u00e7\u00e3o das professoras Eug\u00e9nia e Clara<\/p>\n\n\n\n<p><\/p>\n","protected":false},"excerpt":{"rendered":"<p>1.\u00ba ano da professora Cristina Costa | dinamiza\u00e7\u00e3o das professoras Eug\u00e9nia e Clara<\/p>\n","protected":false},"author":1,"featured_media":4486,"comment_status":"open","ping_status":"","sticky":false,"template":"","format":"standard","meta":{"footnotes":""},"categories":[54],"tags":[56,55],"class_list":["post-4484","post","type-post","status-publish","format-standard","has-post-thumbnail","hentry","category-noticias-atividades","tag-divulgacao","tag-hora-do-conto"],"_links":{"self":[{"href":"https:\/\/aeterrasave.net\/biblioteca.digital\/wp-json\/wp\/v2\/posts\/4484","targetHints":{"allow":["GET"]}}],"collection":[{"href":"https:\/\/aeterrasave.net\/biblioteca.digital\/wp-json\/wp\/v2\/posts"}],"about":[{"href":"https:\/\/aeterrasave.net\/biblioteca.digital\/wp-json\/wp\/v2\/types\/post"}],"author":[{"embeddable":true,"href":"https:\/\/aeterrasave.net\/biblioteca.digital\/wp-json\/wp\/v2\/users\/1"}],"replies":[{"embeddable":true,"href":"https:\/\/aeterrasave.net\/biblioteca.digital\/wp-json\/wp\/v2\/comments?post=4484"}],"version-history":[{"count":1,"href":"https:\/\/aeterrasave.net\/biblioteca.digital\/wp-json\/wp\/v2\/posts\/4484\/revisions"}],"predecessor-version":[{"id":4488,"href":"https:\/\/aeterrasave.net\/biblioteca.digital\/wp-json\/wp\/v2\/posts\/4484\/revisions\/4488"}],"wp:featuredmedia":[{"embeddable":true,"href":"https:\/\/aeterrasave.net\/biblioteca.digital\/wp-json\/wp\/v2\/media\/4486"}],"wp:attachment":[{"href":"https:\/\/aeterrasave.net\/biblioteca.digital\/wp-json\/wp\/v2\/media?parent=4484"}],"wp:term":[{"taxonomy":"category","embeddable":true,"href":"https:\/\/aeterrasave.net\/biblioteca.digital\/wp-json\/wp\/v2\/categories?post=4484"},{"taxonomy":"post_tag","embeddable":true,"href":"https:\/\/aeterrasave.net\/biblioteca.digital\/wp-json\/wp\/v2\/tags?post=4484"}],"curies":[{"name":"wp","href":"https:\/\/api.w.org\/{rel}","templated":true}]}}