{"id":1032,"date":"2021-10-06T12:24:41","date_gmt":"2021-10-06T12:24:41","guid":{"rendered":"https:\/\/aeterrasave.net\/erasmus\/?p=1032"},"modified":"2021-10-06T20:21:15","modified_gmt":"2021-10-06T20:21:15","slug":"o-livro-produto-final","status":"publish","type":"post","link":"https:\/\/aeterrasave.net\/erasmus\/o-livro-produto-final\/","title":{"rendered":"O Livro &#8211; Produto Final"},"content":{"rendered":"<p>&nbsp;<\/p>\n<p>Chegou ao fim o projeto Erasmus + intitulado \u201cActive Start in Kindergarten\u201d.<\/p>\n<p>Atrav\u00e9s da troca de experi\u00eancias presenciais e online, sete pa\u00edses da Europa ((Bulgaria, Italy, Greece, Lithuania, Portugal, Romania, Turkey), elaboraram um Livro que cont\u00e9m m\u00e9todos ativos de ensino e aprendizagem das crian\u00e7as, em idade pr\u00e9-escolar.<\/p>\n<p>Magn\u00edfica experi\u00eancia, em que a aprendizagem ativa considera o ato por parte da crian\u00e7a, de idealizar, planear, pesquisar, construir e avaliar a sua pr\u00f3pria aprendizagem, sendo motivada pelas educadoras a explorar, a interagir, a ser criativa, a seguir os seus pr\u00f3prios interesses e a brincar de forma a fazer aprendizagens significativas.<\/p>\n<p>Acreditamos que esta, \u00e9 a metodologia que proporciona maior independ\u00eancia \u00e0 crian\u00e7a e que estimula as aprendizagens significativas, em que as educadoras devem continuar a apresentar um papel mediador e orientador ao longo de todo o processo.<\/p>\n<p>Concordando com Reis (2008)<\/p>\n<p>\u201c<em>tornamo-nos sujeitos pensantes quando temos oportunidade e raz\u00e3o para pensar, quando estamos rodeados de pessoas que pensam, e quando promovem o nosso pensamento admitindo e estimulando a nossa participa\u00e7\u00e3o em discuss\u00f5es baseadas no respeito e n\u00e3o no poder<\/em>\u201d (p.20).<\/p>\n<p><a href=\"https:\/\/drive.google.com\/file\/d\/15QHYiR5loHmMeynqUN9Wac3SrpXeVvbI\/view?usp=sharing\">https:\/\/drive.google.com\/file\/d\/15QHYiR5loHmMeynqUN9Wac3SrpXeVvbI\/view?usp=sharing<\/a><\/p>\n<p><a href=\"https:\/\/wetransfer.com\/downloads\/bbaaaf1da44018945c1a06374702a0c020211005134326\/238e069e1d36ad179354f55ba66edb2920211005134345\/6a850b\">https:\/\/wetransfer.com\/downloads\/bbaaaf1da44018945c1a06374702a0c020211005134326\/238e069e1d36ad179354f55ba66edb2920211005134345\/6a850b<\/a><\/p>\n<p>&nbsp;<\/p>\n<p>&nbsp;<\/p>\n<p>Outubro de 2021<\/p>\n<p>As Educadoras do AE de Pedome<\/p>\n<p>&nbsp;<\/p>\n","protected":false},"excerpt":{"rendered":"<p>&nbsp; Chegou ao fim o projeto Erasmus + intitulado \u201cActive Start in Kindergarten\u201d. Atrav\u00e9s da troca de experi\u00eancias presenciais e online, sete pa\u00edses da Europa ((Bulgaria, Italy, Greece, Lithuania, Portugal, Romania, Turkey), elaboraram um Livro que cont\u00e9m m\u00e9todos ativos de ensino e aprendizagem das crian\u00e7as, em idade pr\u00e9-escolar. Magn\u00edfica experi\u00eancia, em que a aprendizagem ativa [&hellip;]<\/p>\n","protected":false},"author":12,"featured_media":537,"comment_status":"closed","ping_status":"closed","sticky":false,"template":"","format":"standard","meta":{"_eb_attr":"","footnotes":""},"categories":[12],"tags":[],"coauthors":[],"class_list":["post-1032","post","type-post","status-publish","format-standard","has-post-thumbnail","hentry","category-active-start-in-kindergarten"],"_links":{"self":[{"href":"https:\/\/aeterrasave.net\/erasmus\/wp-json\/wp\/v2\/posts\/1032","targetHints":{"allow":["GET"]}}],"collection":[{"href":"https:\/\/aeterrasave.net\/erasmus\/wp-json\/wp\/v2\/posts"}],"about":[{"href":"https:\/\/aeterrasave.net\/erasmus\/wp-json\/wp\/v2\/types\/post"}],"author":[{"embeddable":true,"href":"https:\/\/aeterrasave.net\/erasmus\/wp-json\/wp\/v2\/users\/12"}],"replies":[{"embeddable":true,"href":"https:\/\/aeterrasave.net\/erasmus\/wp-json\/wp\/v2\/comments?post=1032"}],"version-history":[{"count":3,"href":"https:\/\/aeterrasave.net\/erasmus\/wp-json\/wp\/v2\/posts\/1032\/revisions"}],"predecessor-version":[{"id":1035,"href":"https:\/\/aeterrasave.net\/erasmus\/wp-json\/wp\/v2\/posts\/1032\/revisions\/1035"}],"wp:featuredmedia":[{"embeddable":true,"href":"https:\/\/aeterrasave.net\/erasmus\/wp-json\/wp\/v2\/media\/537"}],"wp:attachment":[{"href":"https:\/\/aeterrasave.net\/erasmus\/wp-json\/wp\/v2\/media?parent=1032"}],"wp:term":[{"taxonomy":"category","embeddable":true,"href":"https:\/\/aeterrasave.net\/erasmus\/wp-json\/wp\/v2\/categories?post=1032"},{"taxonomy":"post_tag","embeddable":true,"href":"https:\/\/aeterrasave.net\/erasmus\/wp-json\/wp\/v2\/tags?post=1032"},{"taxonomy":"author","embeddable":true,"href":"https:\/\/aeterrasave.net\/erasmus\/wp-json\/wp\/v2\/coauthors?post=1032"}],"curies":[{"name":"wp","href":"https:\/\/api.w.org\/{rel}","templated":true}]}}