{"id":1036,"date":"2021-10-13T23:13:31","date_gmt":"2021-10-13T23:13:31","guid":{"rendered":"https:\/\/aeterrasave.net\/erasmus\/?p=1036"},"modified":"2021-10-21T19:13:09","modified_gmt":"2021-10-21T19:13:09","slug":"2a-mobilidade-do-projeto-maths-as-a-window-to-the-world-castelldefels-4-a-8-de-outubro-de-2021","status":"publish","type":"post","link":"https:\/\/aeterrasave.net\/erasmus\/2a-mobilidade-do-projeto-maths-as-a-window-to-the-world-castelldefels-4-a-8-de-outubro-de-2021\/","title":{"rendered":"2\u00aa Mobilidade do Projeto &#8220;MATHEMATIC AS A WINDOW TO THE WORLD&#8221;, Escola Torre Barona, Castelldefels &#8211; 4 a 8 de outubro de 2021"},"content":{"rendered":"<p><img fetchpriority=\"high\" decoding=\"async\" class=\"wp-image-1040 size-full aligncenter\" style=\"font-size: 16px\" src=\"https:\/\/aeterrasave.net\/erasmus\/wp-content\/uploads\/2021\/10\/Montagem-de-fotos2.jpg\" alt=\"\" width=\"1920\" height=\"1005\" srcset=\"https:\/\/aeterrasave.net\/erasmus\/wp-content\/uploads\/2021\/10\/Montagem-de-fotos2.jpg 1920w, https:\/\/aeterrasave.net\/erasmus\/wp-content\/uploads\/2021\/10\/Montagem-de-fotos2-400x209.jpg 400w, https:\/\/aeterrasave.net\/erasmus\/wp-content\/uploads\/2021\/10\/Montagem-de-fotos2-1024x536.jpg 1024w, https:\/\/aeterrasave.net\/erasmus\/wp-content\/uploads\/2021\/10\/Montagem-de-fotos2-768x402.jpg 768w, https:\/\/aeterrasave.net\/erasmus\/wp-content\/uploads\/2021\/10\/Montagem-de-fotos2-1536x804.jpg 1536w, https:\/\/aeterrasave.net\/erasmus\/wp-content\/uploads\/2021\/10\/Montagem-de-fotos2-600x314.jpg 600w, https:\/\/aeterrasave.net\/erasmus\/wp-content\/uploads\/2021\/10\/Montagem-de-fotos2-560x293.jpg 560w\" sizes=\"(max-width: 1920px) 100vw, 1920px\" \/><\/p>\n<p>&nbsp;<\/p>\n<p><strong><img decoding=\"async\" class=\"size-medium wp-image-711 alignleft\" src=\"https:\/\/aeterrasave.net\/erasmus\/wp-content\/uploads\/2020\/12\/Logo_Erasmus-400x385.png\" alt=\"\" width=\"400\" height=\"385\" srcset=\"https:\/\/aeterrasave.net\/erasmus\/wp-content\/uploads\/2020\/12\/Logo_Erasmus-400x385.png 400w, https:\/\/aeterrasave.net\/erasmus\/wp-content\/uploads\/2020\/12\/Logo_Erasmus-768x738.png 768w, https:\/\/aeterrasave.net\/erasmus\/wp-content\/uploads\/2020\/12\/Logo_Erasmus-416x400.png 416w, https:\/\/aeterrasave.net\/erasmus\/wp-content\/uploads\/2020\/12\/Logo_Erasmus-560x538.png 560w, https:\/\/aeterrasave.net\/erasmus\/wp-content\/uploads\/2020\/12\/Logo_Erasmus.png 827w\" sizes=\"(max-width: 400px) 100vw, 400px\" \/><\/strong><\/p>\n<p><strong>No \u00e2mbito do Projeto Erasmus+ \u201c Mathematic as a Window to the World\u201d, 8 alunos do 8\u00baano da Escola B\u00e1sica de Pedome, acompanhados de 2 professores, participaram n 2\u00ba mobilidade deste projeto, na Escola Torre Barona situada no munic\u00edpio de Castelldefels que pertence \u00e0 prov\u00edncia de Barcelona.<\/strong><\/p>\n<p>&nbsp;<\/p>\n<p><strong>Foram 5 dias de intensas e variadas atividades, cujo tema de fundo foi Matem\u00e1tica e as Tecnologias de Informa\u00e7\u00e3o e Comunica\u00e7\u00e3o. Os alunos participaram em oficinas de rob\u00f3tica e TIC e numa gincana matem\u00e1tica. No ato inaugural estiveram presentes os respons\u00e1veis da Educa\u00e7\u00e3o do Munic\u00edpio, assim como a sua presidente. Nesta cerim\u00f3nia fomos brindados com v\u00e1rios momentos musicais, um deles cantado em l\u00edngua portuguesa em nossa homenagem. Foi uma semana repleta de bons momentos e muito conv\u00edvio entre as v\u00e1rias delega\u00e7\u00f5es presentes e ainda com as fam\u00edlias que gentilmente nos acolheram. Tivemos oportunidade de conhecer Castelldefels e visitar Barcelona.<\/strong><\/p>\n<p>&nbsp;<\/p>\n<p><strong>Na semana de 15 a 19 de novembro, acontecer\u00e1 a 3\u00aa mobilidade deste projeto, onde teremos a oportunidade de receber as escolas parceiras deste projeto e retribuir toda a amabilidade com que fomos recebidos em Espanha e na Pol\u00f3nia.<\/strong><\/p>\n","protected":false},"excerpt":{"rendered":"<p>&nbsp; No \u00e2mbito do Projeto Erasmus+ \u201c Mathematic as a Window to the World\u201d, 8 alunos do 8\u00baano da Escola B\u00e1sica de Pedome, acompanhados de 2 professores, participaram n 2\u00ba mobilidade deste projeto, na Escola Torre Barona situada no munic\u00edpio de Castelldefels que pertence \u00e0 prov\u00edncia de Barcelona. &nbsp; Foram 5 dias de intensas e [&hellip;]<\/p>\n","protected":false},"author":10,"featured_media":1048,"comment_status":"closed","ping_status":"closed","sticky":false,"template":"","format":"standard","meta":{"_eb_attr":"","footnotes":""},"categories":[10],"tags":[],"coauthors":[],"class_list":["post-1036","post","type-post","status-publish","format-standard","has-post-thumbnail","hentry","category-mathematic-as-a-window-to-the-world"],"_links":{"self":[{"href":"https:\/\/aeterrasave.net\/erasmus\/wp-json\/wp\/v2\/posts\/1036","targetHints":{"allow":["GET"]}}],"collection":[{"href":"https:\/\/aeterrasave.net\/erasmus\/wp-json\/wp\/v2\/posts"}],"about":[{"href":"https:\/\/aeterrasave.net\/erasmus\/wp-json\/wp\/v2\/types\/post"}],"author":[{"embeddable":true,"href":"https:\/\/aeterrasave.net\/erasmus\/wp-json\/wp\/v2\/users\/10"}],"replies":[{"embeddable":true,"href":"https:\/\/aeterrasave.net\/erasmus\/wp-json\/wp\/v2\/comments?post=1036"}],"version-history":[{"count":15,"href":"https:\/\/aeterrasave.net\/erasmus\/wp-json\/wp\/v2\/posts\/1036\/revisions"}],"predecessor-version":[{"id":1055,"href":"https:\/\/aeterrasave.net\/erasmus\/wp-json\/wp\/v2\/posts\/1036\/revisions\/1055"}],"wp:featuredmedia":[{"embeddable":true,"href":"https:\/\/aeterrasave.net\/erasmus\/wp-json\/wp\/v2\/media\/1048"}],"wp:attachment":[{"href":"https:\/\/aeterrasave.net\/erasmus\/wp-json\/wp\/v2\/media?parent=1036"}],"wp:term":[{"taxonomy":"category","embeddable":true,"href":"https:\/\/aeterrasave.net\/erasmus\/wp-json\/wp\/v2\/categories?post=1036"},{"taxonomy":"post_tag","embeddable":true,"href":"https:\/\/aeterrasave.net\/erasmus\/wp-json\/wp\/v2\/tags?post=1036"},{"taxonomy":"author","embeddable":true,"href":"https:\/\/aeterrasave.net\/erasmus\/wp-json\/wp\/v2\/coauthors?post=1036"}],"curies":[{"name":"wp","href":"https:\/\/api.w.org\/{rel}","templated":true}]}}