{"id":1301,"date":"2021-09-16T10:03:00","date_gmt":"2021-09-16T10:03:00","guid":{"rendered":"https:\/\/aeterrasave.net\/erasmus\/?p=1301"},"modified":"2021-11-16T10:22:27","modified_gmt":"2021-11-16T10:22:27","slug":"2-o-encontro-de-coordenadores-3","status":"publish","type":"post","link":"https:\/\/aeterrasave.net\/erasmus\/2-o-encontro-de-coordenadores-3\/","title":{"rendered":"2.\u00ba Encontro de coordenadores"},"content":{"rendered":"\n<figure class=\"wp-block-image size-large\"><img fetchpriority=\"high\" decoding=\"async\" width=\"1024\" height=\"565\" src=\"https:\/\/aeterrasave.net\/erasmus\/wp-content\/uploads\/2021\/11\/64FDFAE8-EC5B-4D3F-B881-09D935ACD2AA-1024x565.jpeg\" alt=\"\" class=\"wp-image-1302\" srcset=\"https:\/\/aeterrasave.net\/erasmus\/wp-content\/uploads\/2021\/11\/64FDFAE8-EC5B-4D3F-B881-09D935ACD2AA-1024x565.jpeg 1024w, https:\/\/aeterrasave.net\/erasmus\/wp-content\/uploads\/2021\/11\/64FDFAE8-EC5B-4D3F-B881-09D935ACD2AA-400x221.jpeg 400w, https:\/\/aeterrasave.net\/erasmus\/wp-content\/uploads\/2021\/11\/64FDFAE8-EC5B-4D3F-B881-09D935ACD2AA-768x424.jpeg 768w, https:\/\/aeterrasave.net\/erasmus\/wp-content\/uploads\/2021\/11\/64FDFAE8-EC5B-4D3F-B881-09D935ACD2AA-1536x848.jpeg 1536w, https:\/\/aeterrasave.net\/erasmus\/wp-content\/uploads\/2021\/11\/64FDFAE8-EC5B-4D3F-B881-09D935ACD2AA-600x331.jpeg 600w, https:\/\/aeterrasave.net\/erasmus\/wp-content\/uploads\/2021\/11\/64FDFAE8-EC5B-4D3F-B881-09D935ACD2AA-560x309.jpeg 560w, https:\/\/aeterrasave.net\/erasmus\/wp-content\/uploads\/2021\/11\/64FDFAE8-EC5B-4D3F-B881-09D935ACD2AA.jpeg 1642w\" sizes=\"(max-width: 1024px) 100vw, 1024px\" \/><\/figure>\n\n\n\n<p>No arranque de um novo ano letivo, e na esperan\u00e7a de que a situa\u00e7\u00e3o pand\u00e9mica permita, os coordenadores do projeto Digitally smarted kids reuniram para planear as pr\u00f3ximas tarefas e calendarizar as primeiras mobilidades. O m\u00eas de novembro de 2021 ir\u00e1 acolher, por terras turcas, o primeiro encontro de trabalho presencial, dirigido a professores, que ser\u00e1 seguido, em abril de 2022, da mobilidade de alunos, a ter lugar em Pedome &#8211; Portugal.<\/p>\n","protected":false},"excerpt":{"rendered":"<p>No arranque de um novo ano letivo, e na esperan\u00e7a de que a situa\u00e7\u00e3o pand\u00e9mica permita, os coordenadores do projeto Digitally smarted kids reuniram para planear as pr\u00f3ximas tarefas e calendarizar as primeiras mobilidades. O m\u00eas de novembro de 2021 ir\u00e1 acolher, por terras turcas, o primeiro encontro de trabalho presencial, dirigido a professores, que [&hellip;]<\/p>\n","protected":false},"author":8,"featured_media":1302,"comment_status":"closed","ping_status":"closed","sticky":false,"template":"","format":"standard","meta":{"_eb_attr":"","footnotes":""},"categories":[8,1],"tags":[17,18],"coauthors":[],"class_list":["post-1301","post","type-post","status-publish","format-standard","has-post-thumbnail","hentry","category-digitally-smarted-kids","category-uncategorized","tag-digitally-smated-kids","tag-erasmus"],"_links":{"self":[{"href":"https:\/\/aeterrasave.net\/erasmus\/wp-json\/wp\/v2\/posts\/1301","targetHints":{"allow":["GET"]}}],"collection":[{"href":"https:\/\/aeterrasave.net\/erasmus\/wp-json\/wp\/v2\/posts"}],"about":[{"href":"https:\/\/aeterrasave.net\/erasmus\/wp-json\/wp\/v2\/types\/post"}],"author":[{"embeddable":true,"href":"https:\/\/aeterrasave.net\/erasmus\/wp-json\/wp\/v2\/users\/8"}],"replies":[{"embeddable":true,"href":"https:\/\/aeterrasave.net\/erasmus\/wp-json\/wp\/v2\/comments?post=1301"}],"version-history":[{"count":1,"href":"https:\/\/aeterrasave.net\/erasmus\/wp-json\/wp\/v2\/posts\/1301\/revisions"}],"predecessor-version":[{"id":1303,"href":"https:\/\/aeterrasave.net\/erasmus\/wp-json\/wp\/v2\/posts\/1301\/revisions\/1303"}],"wp:featuredmedia":[{"embeddable":true,"href":"https:\/\/aeterrasave.net\/erasmus\/wp-json\/wp\/v2\/media\/1302"}],"wp:attachment":[{"href":"https:\/\/aeterrasave.net\/erasmus\/wp-json\/wp\/v2\/media?parent=1301"}],"wp:term":[{"taxonomy":"category","embeddable":true,"href":"https:\/\/aeterrasave.net\/erasmus\/wp-json\/wp\/v2\/categories?post=1301"},{"taxonomy":"post_tag","embeddable":true,"href":"https:\/\/aeterrasave.net\/erasmus\/wp-json\/wp\/v2\/tags?post=1301"},{"taxonomy":"author","embeddable":true,"href":"https:\/\/aeterrasave.net\/erasmus\/wp-json\/wp\/v2\/coauthors?post=1301"}],"curies":[{"name":"wp","href":"https:\/\/api.w.org\/{rel}","templated":true}]}}