{"id":301,"date":"2020-12-08T19:51:15","date_gmt":"2020-12-08T19:51:15","guid":{"rendered":"https:\/\/aeterrasave.net\/erasmus\/?p=301"},"modified":"2021-11-19T07:25:09","modified_gmt":"2021-11-19T07:25:09","slug":"mathematic-as-a-window-to-the-world","status":"publish","type":"post","link":"https:\/\/aeterrasave.net\/erasmus\/mathematic-as-a-window-to-the-world\/","title":{"rendered":"Mathematic as a window to the world &#8211; O projeto"},"content":{"rendered":"<h5><\/h5>\n<p><a href=\"https:\/\/mathsasawindowtotheworld.blogspot.com\"><img fetchpriority=\"high\" decoding=\"async\" class=\"wp-image-713 alignleft\" src=\"https:\/\/aeterrasave.net\/erasmus\/wp-content\/uploads\/2020\/12\/Logo_Erasmus-1-400x383.png\" alt=\"\" width=\"417\" height=\"399\" srcset=\"https:\/\/aeterrasave.net\/erasmus\/wp-content\/uploads\/2020\/12\/Logo_Erasmus-1-400x383.png 400w, https:\/\/aeterrasave.net\/erasmus\/wp-content\/uploads\/2020\/12\/Logo_Erasmus-1-768x736.png 768w, https:\/\/aeterrasave.net\/erasmus\/wp-content\/uploads\/2020\/12\/Logo_Erasmus-1-417x400.png 417w, https:\/\/aeterrasave.net\/erasmus\/wp-content\/uploads\/2020\/12\/Logo_Erasmus-1-560x537.png 560w, https:\/\/aeterrasave.net\/erasmus\/wp-content\/uploads\/2020\/12\/Logo_Erasmus-1.png 815w\" sizes=\"(max-width: 417px) 100vw, 417px\" \/><\/a><\/p>\n<p><strong>Escola Coordenadora<\/strong>: <a href=\"http:\/\/sp.sarnow.pl\/\">Zespo\u0142 Szkolno-Przedszkolny Nr 2 w Sarnowie<\/a>&nbsp;&#8211; POLAND<\/p>\n<p><strong>Tema: <\/strong>Matem\u00e1tica&nbsp; |&nbsp; TIC<\/p>\n<p><strong>Pa\u00edses Envolvidos<\/strong>: Pol\u00f3nia, Espanha, It\u00e1lia e Portugal<\/p>\n<p><strong>Data de in\u00edcio<\/strong>: 09.2019<\/p>\n<p><strong>Mobilidades<\/strong>: <a href=\"https:\/\/youtu.be\/NyUOnQXHvi4\">Pol\u00f3nia (11.2019)<\/a><\/p>\n<p><strong>Professor Coordenador<\/strong>: Alexandre Sousa<\/p>\n<p><strong>Blog do Projeto :<\/strong>&nbsp;<a href=\"https:\/\/mathsasawindowtotheworld.blogspot.com\/\">https:\/\/mathsasawindowtotheworld.blogspot.com\/<\/a><\/p>\n<p><strong>Escolas Envolvidas: <\/strong><\/p>\n<ul>\n<li><a href=\"http:\/\/sp.sarnow.pl\/\">Zespo\u0142 Szkolno-Przedszkolny Nr 2 w Sarnowie<\/a>&nbsp;&#8211; POLAND<\/li>\n<li><a href=\"http:\/\/www.escolatorrebarona.cat\/\">Escola Torre Barona<\/a> &#8211; SPAIN<\/li>\n<li><a href=\"http:\/\/www.icgpagoto.edu.it\/\">IC &#8220;G. Pagoto&#8221;<\/a>&nbsp;&#8211; ITALY<\/li>\n<li><a href=\"https:\/\/www.aepedome.net\/\">Agrupamento de Escolas de Pedome<\/a><a href=\"https:\/\/www.aepedome.net\/\">&nbsp;<\/a>&#8211; PORTUGAL<\/li>\n<\/ul>\n<p>&nbsp;<\/p>\n<p><strong>Apresenta\u00e7\u00f5es Multim\u00e9dia:&nbsp;<\/strong><\/p>\n<p><a href=\"https:\/\/youtu.be\/pCkS8Zxph0E\"><img decoding=\"async\" class=\"alignnone wp-image-308\" src=\"https:\/\/aeterrasave.net\/erasmus\/wp-content\/uploads\/2020\/12\/Poland_border-400x250.jpg\" alt=\"\" width=\"160\" height=\"100\" srcset=\"https:\/\/aeterrasave.net\/erasmus\/wp-content\/uploads\/2020\/12\/Poland_border-400x250.jpg 400w, https:\/\/aeterrasave.net\/erasmus\/wp-content\/uploads\/2020\/12\/Poland_border-1024x641.jpg 1024w, https:\/\/aeterrasave.net\/erasmus\/wp-content\/uploads\/2020\/12\/Poland_border-768x480.jpg 768w, https:\/\/aeterrasave.net\/erasmus\/wp-content\/uploads\/2020\/12\/Poland_border-500x313.jpg 500w, https:\/\/aeterrasave.net\/erasmus\/wp-content\/uploads\/2020\/12\/Poland_border-800x500.jpg 800w, https:\/\/aeterrasave.net\/erasmus\/wp-content\/uploads\/2020\/12\/Poland_border-600x375.jpg 600w, https:\/\/aeterrasave.net\/erasmus\/wp-content\/uploads\/2020\/12\/Poland_border-300x188.jpg 300w, https:\/\/aeterrasave.net\/erasmus\/wp-content\/uploads\/2020\/12\/Poland_border.jpg 1202w\" sizes=\"(max-width: 160px) 100vw, 160px\" \/><\/a>&nbsp; &nbsp; &nbsp; &nbsp; &nbsp; &nbsp; <a href=\"https:\/\/youtu.be\/aYFu0rGI3CM\"><img decoding=\"async\" class=\"alignnone wp-image-263\" src=\"https:\/\/aeterrasave.net\/erasmus\/wp-content\/uploads\/2020\/12\/spanish-flag-large-400x267.jpg\" alt=\"\" width=\"150\" height=\"100\" srcset=\"https:\/\/aeterrasave.net\/erasmus\/wp-content\/uploads\/2020\/12\/spanish-flag-large-400x267.jpg 400w, https:\/\/aeterrasave.net\/erasmus\/wp-content\/uploads\/2020\/12\/spanish-flag-large-1024x683.jpg 1024w, https:\/\/aeterrasave.net\/erasmus\/wp-content\/uploads\/2020\/12\/spanish-flag-large-768x512.jpg 768w, https:\/\/aeterrasave.net\/erasmus\/wp-content\/uploads\/2020\/12\/spanish-flag-large-500x333.jpg 500w, https:\/\/aeterrasave.net\/erasmus\/wp-content\/uploads\/2020\/12\/spanish-flag-large-800x533.jpg 800w, https:\/\/aeterrasave.net\/erasmus\/wp-content\/uploads\/2020\/12\/spanish-flag-large-600x400.jpg 600w, https:\/\/aeterrasave.net\/erasmus\/wp-content\/uploads\/2020\/12\/spanish-flag-large-272x182.jpg 272w, https:\/\/aeterrasave.net\/erasmus\/wp-content\/uploads\/2020\/12\/spanish-flag-large-300x200.jpg 300w, https:\/\/aeterrasave.net\/erasmus\/wp-content\/uploads\/2020\/12\/spanish-flag-large.jpg 1200w\" sizes=\"(max-width: 150px) 100vw, 150px\" \/><\/a>&nbsp; &nbsp; &nbsp; &nbsp; &nbsp; &nbsp; <a href=\"https:\/\/youtu.be\/jC7T02BL3RA\"><img loading=\"lazy\" decoding=\"async\" class=\"alignnone wp-image-268\" src=\"https:\/\/aeterrasave.net\/erasmus\/wp-content\/uploads\/2020\/12\/italian-flag-large-400x267.jpg\" alt=\"\" width=\"150\" height=\"100\"><\/a>&nbsp; &nbsp; &nbsp; &nbsp; &nbsp; &nbsp; <a href=\"https:\/\/youtu.be\/k78lsfm_Xyg\"><img loading=\"lazy\" decoding=\"async\" class=\"alignnone wp-image-708\" src=\"https:\/\/aeterrasave.net\/erasmus\/wp-content\/uploads\/2020\/12\/Portugal.png\" alt=\"\" width=\"150\" height=\"100\" srcset=\"https:\/\/aeterrasave.net\/erasmus\/wp-content\/uploads\/2020\/12\/Portugal.png 275w, https:\/\/aeterrasave.net\/erasmus\/wp-content\/uploads\/2020\/12\/Portugal-272x182.png 272w\" sizes=\"(max-width: 150px) 100vw, 150px\" \/><\/a><\/p>\n<hr>\n<div><\/div>\n<div>The main objective of the project &#8220;Maths as a window to the world&#8221; will be to develop and improve mathematical competences with the practical use of modern technologies and ICT tools, creativity, innovation, critical thinking, problem solving, learning to learn and teamwork.<\/div>\n<p><u><br \/>\n<\/u><u>In particular:<\/u><\/p>\n<ul>\n<li>development of students&#8217; knowledge and mathematical skills,<\/li>\n<li>to get to know different aspects and applications of mathematics in science and everyday life,<\/li>\n<li>development of skills of algorithmic thinking and problem solving,<\/li>\n<li>Improving the ability to apply mathematical principles and theorems to solve problems, arguing<\/li>\n<li>Improving the ability to use modern technologies and ICT tools in learning mathematics,<\/li>\n<li>improving personal skills to facilitate communication across borders,<\/li>\n<li>development of students&#8217; motivation to learn maths,<\/li>\n<li>development of students&#8217; motivation to learn English,<\/li>\n<li>development of teamwork skills,<\/li>\n<li>following modern trends in education, learning about innovative methods and forms of teaching,<\/li>\n<li>increasing the international mobility of pupils and teachers,<\/li>\n<li>shaping the European dimension of schools,<\/li>\n<li>getting to know the culture, customs and monuments of a given region, country.<\/li>\n<\/ul>\n","protected":false},"excerpt":{"rendered":"<p>Escola Coordenadora: Zespo\u0142 Szkolno-Przedszkolny Nr 2 w Sarnowie&nbsp;&#8211; POLAND Tema: Matem\u00e1tica&nbsp; |&nbsp; TIC Pa\u00edses Envolvidos: Pol\u00f3nia, Espanha, It\u00e1lia e Portugal Data de in\u00edcio: 09.2019 Mobilidades: Pol\u00f3nia (11.2019) Professor Coordenador: Alexandre Sousa Blog do Projeto :&nbsp;https:\/\/mathsasawindowtotheworld.blogspot.com\/ Escolas Envolvidas: Zespo\u0142 Szkolno-Przedszkolny Nr 2 w Sarnowie&nbsp;&#8211; POLAND Escola Torre Barona &#8211; SPAIN IC &#8220;G. Pagoto&#8221;&nbsp;&#8211; ITALY Agrupamento de [&hellip;]<\/p>\n","protected":false},"author":10,"featured_media":308,"comment_status":"closed","ping_status":"closed","sticky":true,"template":"","format":"standard","meta":{"_eb_attr":"","footnotes":""},"categories":[10],"tags":[],"coauthors":[],"class_list":["post-301","post","type-post","status-publish","format-standard","has-post-thumbnail","hentry","category-mathematic-as-a-window-to-the-world"],"_links":{"self":[{"href":"https:\/\/aeterrasave.net\/erasmus\/wp-json\/wp\/v2\/posts\/301","targetHints":{"allow":["GET"]}}],"collection":[{"href":"https:\/\/aeterrasave.net\/erasmus\/wp-json\/wp\/v2\/posts"}],"about":[{"href":"https:\/\/aeterrasave.net\/erasmus\/wp-json\/wp\/v2\/types\/post"}],"author":[{"embeddable":true,"href":"https:\/\/aeterrasave.net\/erasmus\/wp-json\/wp\/v2\/users\/10"}],"replies":[{"embeddable":true,"href":"https:\/\/aeterrasave.net\/erasmus\/wp-json\/wp\/v2\/comments?post=301"}],"version-history":[{"count":14,"href":"https:\/\/aeterrasave.net\/erasmus\/wp-json\/wp\/v2\/posts\/301\/revisions"}],"predecessor-version":[{"id":1518,"href":"https:\/\/aeterrasave.net\/erasmus\/wp-json\/wp\/v2\/posts\/301\/revisions\/1518"}],"wp:featuredmedia":[{"embeddable":true,"href":"https:\/\/aeterrasave.net\/erasmus\/wp-json\/wp\/v2\/media\/308"}],"wp:attachment":[{"href":"https:\/\/aeterrasave.net\/erasmus\/wp-json\/wp\/v2\/media?parent=301"}],"wp:term":[{"taxonomy":"category","embeddable":true,"href":"https:\/\/aeterrasave.net\/erasmus\/wp-json\/wp\/v2\/categories?post=301"},{"taxonomy":"post_tag","embeddable":true,"href":"https:\/\/aeterrasave.net\/erasmus\/wp-json\/wp\/v2\/tags?post=301"},{"taxonomy":"author","embeddable":true,"href":"https:\/\/aeterrasave.net\/erasmus\/wp-json\/wp\/v2\/coauthors?post=301"}],"curies":[{"name":"wp","href":"https:\/\/api.w.org\/{rel}","templated":true}]}}