{"id":3080,"date":"2022-08-27T19:58:41","date_gmt":"2022-08-27T19:58:41","guid":{"rendered":"https:\/\/aeterrasave.net\/erasmus\/?p=3080"},"modified":"2022-12-05T10:50:19","modified_gmt":"2022-12-05T10:50:19","slug":"digital-power","status":"publish","type":"post","link":"https:\/\/aeterrasave.net\/erasmus\/digital-power\/","title":{"rendered":"Digital Power"},"content":{"rendered":"<div class=\"wp-block-image\">\n<figure class=\"alignleft is-resized\"><img fetchpriority=\"high\" decoding=\"async\" src=\"https:\/\/aeterrasave.net\/erasmus\/wp-content\/uploads\/2020\/12\/germany.png\" alt=\"\" class=\"wp-image-234\" width=\"361\" height=\"216\"\/><\/figure>\n<\/div>\n\n\n<p><strong>Escola Coordenadora<\/strong>: Alemanha<\/p>\n\n\n\n<p><strong>Tema:\u00a0<\/strong>Digitaliza\u00e7\u00e3o<\/p>\n\n\n\n<p><strong>Pa\u00edses Envolvidos<\/strong>:\u00a0Cro\u00e1cia, Maced\u00f3nia do Norte, Portugal, Turquia<\/p>\n\n\n\n<p><strong>Data de in\u00edcio<\/strong>:\u00a0Novembro 2022<\/p>\n\n\n\n<p><strong>Mobilidades<\/strong>: Alemanha, Cro\u00e1cia, Turquia, Portugal, Maced\u00f3nia do Norte<\/p>\n\n\n\n<div style=\"height:10px\" aria-hidden=\"true\" class=\"wp-block-spacer\"><\/div>\n\n\n\n<p><strong>Coordenadores<\/strong>: Alberto Costa | Almerindo Oliveira<\/p>\n\n\n\n<hr class=\"wp-block-separator has-alpha-channel-opacity is-style-wide\"\/>\n\n\n\n<p><strong>Apresenta\u00e7\u00e3o do Projeto<\/strong><\/p>\n\n\n\n<p>O projeto pretende trabalhar as compet\u00eancias digitais dos professores e dos alunos. Este projeto foca tamb\u00e9m a import\u00e2ncia da seguran\u00e7a no meio digital.<\/p>\n","protected":false},"excerpt":{"rendered":"<p>Escola Coordenadora: Alemanha Tema:\u00a0Digitaliza\u00e7\u00e3o Pa\u00edses Envolvidos:\u00a0Cro\u00e1cia, Maced\u00f3nia do Norte, Portugal, Turquia Data de in\u00edcio:\u00a0Novembro 2022 Mobilidades: Alemanha, Cro\u00e1cia, Turquia, Portugal, Maced\u00f3nia do Norte Coordenadores: Alberto Costa | Almerindo Oliveira Apresenta\u00e7\u00e3o do Projeto O projeto pretende trabalhar as compet\u00eancias digitais dos professores e dos alunos. Este projeto foca tamb\u00e9m a import\u00e2ncia da seguran\u00e7a no meio digital.<\/p>\n","protected":false},"author":1,"featured_media":234,"comment_status":"closed","ping_status":"closed","sticky":false,"template":"","format":"standard","meta":{"_eb_attr":"","footnotes":""},"categories":[64],"tags":[],"coauthors":[54,46],"class_list":["post-3080","post","type-post","status-publish","format-standard","has-post-thumbnail","hentry","category-digital-power"],"_links":{"self":[{"href":"https:\/\/aeterrasave.net\/erasmus\/wp-json\/wp\/v2\/posts\/3080","targetHints":{"allow":["GET"]}}],"collection":[{"href":"https:\/\/aeterrasave.net\/erasmus\/wp-json\/wp\/v2\/posts"}],"about":[{"href":"https:\/\/aeterrasave.net\/erasmus\/wp-json\/wp\/v2\/types\/post"}],"author":[{"embeddable":true,"href":"https:\/\/aeterrasave.net\/erasmus\/wp-json\/wp\/v2\/users\/1"}],"replies":[{"embeddable":true,"href":"https:\/\/aeterrasave.net\/erasmus\/wp-json\/wp\/v2\/comments?post=3080"}],"version-history":[{"count":6,"href":"https:\/\/aeterrasave.net\/erasmus\/wp-json\/wp\/v2\/posts\/3080\/revisions"}],"predecessor-version":[{"id":3283,"href":"https:\/\/aeterrasave.net\/erasmus\/wp-json\/wp\/v2\/posts\/3080\/revisions\/3283"}],"wp:featuredmedia":[{"embeddable":true,"href":"https:\/\/aeterrasave.net\/erasmus\/wp-json\/wp\/v2\/media\/234"}],"wp:attachment":[{"href":"https:\/\/aeterrasave.net\/erasmus\/wp-json\/wp\/v2\/media?parent=3080"}],"wp:term":[{"taxonomy":"category","embeddable":true,"href":"https:\/\/aeterrasave.net\/erasmus\/wp-json\/wp\/v2\/categories?post=3080"},{"taxonomy":"post_tag","embeddable":true,"href":"https:\/\/aeterrasave.net\/erasmus\/wp-json\/wp\/v2\/tags?post=3080"},{"taxonomy":"author","embeddable":true,"href":"https:\/\/aeterrasave.net\/erasmus\/wp-json\/wp\/v2\/coauthors?post=3080"}],"curies":[{"name":"wp","href":"https:\/\/api.w.org\/{rel}","templated":true}]}}