{"id":3256,"date":"2022-11-22T17:38:57","date_gmt":"2022-11-22T17:38:57","guid":{"rendered":"https:\/\/aeterrasave.net\/erasmus\/?p=3256"},"modified":"2022-12-06T09:51:16","modified_gmt":"2022-12-06T09:51:16","slug":"shared-histories","status":"publish","type":"post","link":"https:\/\/aeterrasave.net\/erasmus\/shared-histories\/","title":{"rendered":"Shared (Hi)stories"},"content":{"rendered":"<h5><\/h5>\n<p><img fetchpriority=\"high\" decoding=\"async\" class=\"wp-image-263 size-medium alignleft\" src=\"https:\/\/aeterrasave.net\/erasmus\/wp-content\/uploads\/2020\/12\/spanish-flag-large-300x200.jpg\" alt=\"\" width=\"300\" height=\"200\" srcset=\"https:\/\/aeterrasave.net\/erasmus\/wp-content\/uploads\/2020\/12\/spanish-flag-large-300x200.jpg 300w, https:\/\/aeterrasave.net\/erasmus\/wp-content\/uploads\/2020\/12\/spanish-flag-large-400x267.jpg 400w, https:\/\/aeterrasave.net\/erasmus\/wp-content\/uploads\/2020\/12\/spanish-flag-large-1024x683.jpg 1024w, https:\/\/aeterrasave.net\/erasmus\/wp-content\/uploads\/2020\/12\/spanish-flag-large-768x512.jpg 768w, https:\/\/aeterrasave.net\/erasmus\/wp-content\/uploads\/2020\/12\/spanish-flag-large-500x333.jpg 500w, https:\/\/aeterrasave.net\/erasmus\/wp-content\/uploads\/2020\/12\/spanish-flag-large-800x533.jpg 800w, https:\/\/aeterrasave.net\/erasmus\/wp-content\/uploads\/2020\/12\/spanish-flag-large-600x400.jpg 600w, https:\/\/aeterrasave.net\/erasmus\/wp-content\/uploads\/2020\/12\/spanish-flag-large-272x182.jpg 272w, https:\/\/aeterrasave.net\/erasmus\/wp-content\/uploads\/2020\/12\/spanish-flag-large.jpg 1200w\" sizes=\"(max-width: 300px) 100vw, 300px\" \/><\/p>\n<p><strong>Organiza\u00e7\u00e3o Coordenadora<\/strong>: Babel<\/p>\n<p><strong>Tema (s): <\/strong>Cidadania Europeia<\/p>\n<p><strong>Pa\u00edses Envolvidos<\/strong>: Espanha | Portugal | B\u00e9lgica | S\u00e9rvia | Turquia<\/p>\n<p><strong>Data de in\u00edcio<\/strong>: 11\/2022<\/p>\n<p><strong>Mobilidades<\/strong>: M\u00e1laga | S\u00e9rvia | B\u00e9lgica<\/p>\n<p><strong>Professores Coordenadores<\/strong>: Almerindo Oliveira | Alberto Costa<\/p>\n<hr \/>\n<p><strong>Apresenta\u00e7\u00e3o do Projeto<\/strong><\/p>\n<p>Recorrendo a hist\u00f3rias tradicionais de cada pa\u00eds envolvido, o projeto vai procurar melhorar a profici\u00eancia lingu\u00edsta e trabalhar o pensamento cr\u00edtico dos alunos.<\/p>\n","protected":false},"excerpt":{"rendered":"<p>Organiza\u00e7\u00e3o Coordenadora: Babel Tema (s): Cidadania Europeia Pa\u00edses Envolvidos: Espanha | Portugal | B\u00e9lgica | S\u00e9rvia | Turquia Data de in\u00edcio: 11\/2022 Mobilidades: M\u00e1laga | S\u00e9rvia | B\u00e9lgica Professores Coordenadores: Almerindo Oliveira | Alberto Costa Apresenta\u00e7\u00e3o do Projeto Recorrendo a hist\u00f3rias tradicionais de cada pa\u00eds envolvido, o projeto vai procurar melhorar a profici\u00eancia lingu\u00edsta e [&hellip;]<\/p>\n","protected":false},"author":1,"featured_media":263,"comment_status":"closed","ping_status":"closed","sticky":false,"template":"","format":"standard","meta":{"_eb_attr":"","footnotes":""},"categories":[66],"tags":[],"coauthors":[54,46],"class_list":["post-3256","post","type-post","status-publish","format-standard","has-post-thumbnail","hentry","category-shared-histories"],"_links":{"self":[{"href":"https:\/\/aeterrasave.net\/erasmus\/wp-json\/wp\/v2\/posts\/3256","targetHints":{"allow":["GET"]}}],"collection":[{"href":"https:\/\/aeterrasave.net\/erasmus\/wp-json\/wp\/v2\/posts"}],"about":[{"href":"https:\/\/aeterrasave.net\/erasmus\/wp-json\/wp\/v2\/types\/post"}],"author":[{"embeddable":true,"href":"https:\/\/aeterrasave.net\/erasmus\/wp-json\/wp\/v2\/users\/1"}],"replies":[{"embeddable":true,"href":"https:\/\/aeterrasave.net\/erasmus\/wp-json\/wp\/v2\/comments?post=3256"}],"version-history":[{"count":8,"href":"https:\/\/aeterrasave.net\/erasmus\/wp-json\/wp\/v2\/posts\/3256\/revisions"}],"predecessor-version":[{"id":3300,"href":"https:\/\/aeterrasave.net\/erasmus\/wp-json\/wp\/v2\/posts\/3256\/revisions\/3300"}],"wp:featuredmedia":[{"embeddable":true,"href":"https:\/\/aeterrasave.net\/erasmus\/wp-json\/wp\/v2\/media\/263"}],"wp:attachment":[{"href":"https:\/\/aeterrasave.net\/erasmus\/wp-json\/wp\/v2\/media?parent=3256"}],"wp:term":[{"taxonomy":"category","embeddable":true,"href":"https:\/\/aeterrasave.net\/erasmus\/wp-json\/wp\/v2\/categories?post=3256"},{"taxonomy":"post_tag","embeddable":true,"href":"https:\/\/aeterrasave.net\/erasmus\/wp-json\/wp\/v2\/tags?post=3256"},{"taxonomy":"author","embeddable":true,"href":"https:\/\/aeterrasave.net\/erasmus\/wp-json\/wp\/v2\/coauthors?post=3256"}],"curies":[{"name":"wp","href":"https:\/\/api.w.org\/{rel}","templated":true}]}}