{"id":3578,"date":"2023-05-01T20:11:32","date_gmt":"2023-05-01T20:11:32","guid":{"rendered":"https:\/\/aeterrasave.net\/erasmus\/?p=3578"},"modified":"2023-05-01T20:12:10","modified_gmt":"2023-05-01T20:12:10","slug":"1-o-encontro-transnacional-do-projeto-erasmus-digital-teachers-classrooms-without-borders-created-with-digital-technologies","status":"publish","type":"post","link":"https:\/\/aeterrasave.net\/erasmus\/1-o-encontro-transnacional-do-projeto-erasmus-digital-teachers-classrooms-without-borders-created-with-digital-technologies\/","title":{"rendered":"1.\u00ba Encontro Transnacional do projeto Erasmus+ <em>Digital Teachers &#8211; Classrooms Without Borders Created with Digital Technologies<\/em>"},"content":{"rendered":"\n<p>O <em>kick-off<\/em> meeting do projecto Erasmus+ <em>Digital Teachers &#8211; Classrooms Without Borders Created with Digital Technologies <\/em>decorreu nos dias 27 e 28 de Abril, em Rafina, Gr\u00e9cia e foi organizado por um dos parceiros do projeto, o Instituto PARAGON &#8211; Education, Technology, Communications de Afissos, na Gr\u00e9cia. Os outros parceiros<em> s\u00e3o a Luunja Secondary School<\/em> de Tartu, na Est\u00f3nia; o <em>Yenisehir Anadolu<\/em> <em>Imam Hatip Lisesi<\/em> de Mersin, na Turquia; e&nbsp; a <em>Goce Delcev State University<\/em> de Stip, na Maced\u00f3nia do Norte.<\/p>\n\n\n\n<p>O objetivo deste projeto \u00e9 criar ambientes de aprendizagem interativos e m\u00e9todos inovadores de ensino-aprendizagem com base em abordagens inovadoras, combinadas com a tecnologia digital, e assim melhorar as compet\u00eancias digitais dos professores. O projeto inclui as Ferramentas web3.0, a abordagem Steam, a Rob\u00f3tica-Codifica\u00e7\u00e3o, a Realidade Virtual-Impress\u00e3o 3D e a Intelig\u00eancia Artificial. Gra\u00e7as a estas aplica\u00e7\u00f5es, os professores ir\u00e3o aprender sobre as novas tecnologias digitais existentes e produzir\u00e3o conte\u00fados digitais e materiais educativos digitais sustent\u00e1veis.<\/p>\n\n\n\n<p>Por conseguinte, as prioridades relevantes, de acordo com os objetivos do projeto, s\u00e3o a&nbsp; abordagem da transforma\u00e7\u00e3o digital atrav\u00e9s do desenvolvimento da prontid\u00e3o, resili\u00eancia e capacidade digital; o apoio a professores e l\u00edderes escolares; a promo\u00e7\u00e3o do interesse e da excel\u00eancia em ci\u00eancia, tecnologia, engenharia e matem\u00e1tica (STEM) e a abordagem STEAM.<\/p>\n\n\n\n<p>Neste encontro, foram discutidos e esclarecidos os princ\u00edpios e m\u00e9todos de implementa\u00e7\u00e3o\/ execu\u00e7\u00e3o de projetos, a divulga\u00e7\u00e3o\/dissemina\u00e7\u00e3o, a gest\u00e3o or\u00e7ament\u00e1ria, as mobilidades LTT, bem como o plano de risco.&nbsp;<\/p>\n\n\n\n<p>Do agrupamento de escolas Terras do Ave estiveram presentes o Diretor em regime de substitui\u00e7\u00e3o, professor Alberto Costa, e a professora Clara Ver\u00f3nico que tamb\u00e9m integra o projeto. Esta equipa congratula a forma como foi recebida e as sinergias criadas com os diversos participantes, em especial com a professora anfitri\u00e3, Nancy Pyrini, que com a sua expertise em inova\u00e7\u00f5es tecnol\u00f3gicas e a sua aplica\u00e7\u00e3o em cen\u00e1rios educacionais e a sua amabilidade, proporcionou neste encontro uma aprendizagem colaborativa e participada que teve por base a perspetiva da tecnologia na educa\u00e7\u00e3o para a promo\u00e7\u00e3o de ideais democr\u00e1ticos, de liberdade e de igualdade.<\/p>\n\n\n\n<div class=\"wp-block-image-gallery-block-image-gallery-block\"><div class=\"eb-parent-wrapper eb-parent-eb-image-gallery-vdd40xb \"><div class=\"eb-gallery-img-wrapper eb-image-gallery-vdd40xb grid overlay-bottom caption-style-0  \" data-id=\"eb-image-gallery-vdd40xb\"><a href=\"https:\/\/aeterrasave.net\/erasmus\/wp-content\/uploads\/2023\/05\/343641897_261997342954464_7740034958411298504_n-1.jpg\" id=\"eb-gallery-img-content\" data-fslightbox=\"gallery\" data-type=\"image\" class=\"eb-gallery-img-content eb-filter-img-\"><span class=\"eb-gallery-link-wrapper\"><img decoding=\"async\" class=\"eb-gallery-img\" src=\"https:\/\/aeterrasave.net\/erasmus\/wp-content\/uploads\/2023\/05\/343641897_261997342954464_7740034958411298504_n-1.jpg\" image-index=\"0\"\/><\/span><\/a><a href=\"https:\/\/aeterrasave.net\/erasmus\/wp-content\/uploads\/2023\/05\/WhatsApp-Image-2023-05-01-at-21.10.08.jpeg\" id=\"eb-gallery-img-content\" data-fslightbox=\"gallery\" data-type=\"image\" class=\"eb-gallery-img-content eb-filter-img-\"><span class=\"eb-gallery-link-wrapper\"><img decoding=\"async\" class=\"eb-gallery-img\" src=\"https:\/\/aeterrasave.net\/erasmus\/wp-content\/uploads\/2023\/05\/WhatsApp-Image-2023-05-01-at-21.10.08.jpeg\" image-index=\"1\"\/><\/span><\/a><\/div><\/div><\/div>\n","protected":false},"excerpt":{"rendered":"<p>O kick-off meeting do projecto Erasmus+ Digital Teachers &#8211; Classrooms Without Borders Created with Digital Technologies decorreu nos dias 27 e 28 de Abril, em Rafina, Gr\u00e9cia e foi organizado por um dos parceiros do projeto, o Instituto PARAGON &#8211; Education, Technology, Communications de Afissos, na Gr\u00e9cia. Os outros parceiros s\u00e3o a Luunja Secondary School [&hellip;]<\/p>\n","protected":false},"author":1,"featured_media":3581,"comment_status":"closed","ping_status":"closed","sticky":false,"template":"","format":"standard","meta":{"_eb_attr":"","footnotes":""},"categories":[69],"tags":[],"coauthors":[54],"class_list":["post-3578","post","type-post","status-publish","format-standard","has-post-thumbnail","hentry","category-digital-teachers"],"_links":{"self":[{"href":"https:\/\/aeterrasave.net\/erasmus\/wp-json\/wp\/v2\/posts\/3578","targetHints":{"allow":["GET"]}}],"collection":[{"href":"https:\/\/aeterrasave.net\/erasmus\/wp-json\/wp\/v2\/posts"}],"about":[{"href":"https:\/\/aeterrasave.net\/erasmus\/wp-json\/wp\/v2\/types\/post"}],"author":[{"embeddable":true,"href":"https:\/\/aeterrasave.net\/erasmus\/wp-json\/wp\/v2\/users\/1"}],"replies":[{"embeddable":true,"href":"https:\/\/aeterrasave.net\/erasmus\/wp-json\/wp\/v2\/comments?post=3578"}],"version-history":[{"count":2,"href":"https:\/\/aeterrasave.net\/erasmus\/wp-json\/wp\/v2\/posts\/3578\/revisions"}],"predecessor-version":[{"id":3583,"href":"https:\/\/aeterrasave.net\/erasmus\/wp-json\/wp\/v2\/posts\/3578\/revisions\/3583"}],"wp:featuredmedia":[{"embeddable":true,"href":"https:\/\/aeterrasave.net\/erasmus\/wp-json\/wp\/v2\/media\/3581"}],"wp:attachment":[{"href":"https:\/\/aeterrasave.net\/erasmus\/wp-json\/wp\/v2\/media?parent=3578"}],"wp:term":[{"taxonomy":"category","embeddable":true,"href":"https:\/\/aeterrasave.net\/erasmus\/wp-json\/wp\/v2\/categories?post=3578"},{"taxonomy":"post_tag","embeddable":true,"href":"https:\/\/aeterrasave.net\/erasmus\/wp-json\/wp\/v2\/tags?post=3578"},{"taxonomy":"author","embeddable":true,"href":"https:\/\/aeterrasave.net\/erasmus\/wp-json\/wp\/v2\/coauthors?post=3578"}],"curies":[{"name":"wp","href":"https:\/\/api.w.org\/{rel}","templated":true}]}}