{"id":392,"date":"2020-12-08T22:42:39","date_gmt":"2020-12-08T22:42:39","guid":{"rendered":"https:\/\/aeterrasave.net\/erasmus\/?p=392"},"modified":"2020-12-09T18:37:14","modified_gmt":"2020-12-09T18:37:14","slug":"1-o-encontro-de-coordenadores","status":"publish","type":"post","link":"https:\/\/aeterrasave.net\/erasmus\/1-o-encontro-de-coordenadores\/","title":{"rendered":"1.\u00ba Encontro de coordenadores"},"content":{"rendered":"<p>A 21 de outubro de 2020 decorreu o 1.\u00ba encontro de coordenadores do projeto Erasmus+ <strong>Digitally smated kids<\/strong>.<\/p>\n<p>Neste encontro, por videoconfer\u00eancia, foram discutidas as estrat\u00e9gias para o arranque do projeto em tempos de pandemia.<\/p>\n<p>Todos os parceiros partilharam a situa\u00e7\u00e3o pand\u00e9mica nos seus pa\u00edses e ficou clara a inten\u00e7\u00e3o de iniciar, com energia, o projeto, deixando os encontros presenciais para quando a situa\u00e7\u00e3o global o permitir.<\/p>\n<p><img fetchpriority=\"high\" decoding=\"async\" class=\"alignnone size-medium wp-image-393\" src=\"https:\/\/aeterrasave.net\/erasmus\/wp-content\/uploads\/2020\/12\/Captura-de-ecra-2020-10-21-as-19.02.02-300x167.png\" alt=\"1.\u00ba Encontro de coordenadores\" width=\"300\" height=\"167\" srcset=\"https:\/\/aeterrasave.net\/erasmus\/wp-content\/uploads\/2020\/12\/Captura-de-ecra-2020-10-21-as-19.02.02-300x167.png 300w, https:\/\/aeterrasave.net\/erasmus\/wp-content\/uploads\/2020\/12\/Captura-de-ecra-2020-10-21-as-19.02.02-400x223.png 400w, https:\/\/aeterrasave.net\/erasmus\/wp-content\/uploads\/2020\/12\/Captura-de-ecra-2020-10-21-as-19.02.02-1024x572.png 1024w, https:\/\/aeterrasave.net\/erasmus\/wp-content\/uploads\/2020\/12\/Captura-de-ecra-2020-10-21-as-19.02.02-768x429.png 768w, https:\/\/aeterrasave.net\/erasmus\/wp-content\/uploads\/2020\/12\/Captura-de-ecra-2020-10-21-as-19.02.02-500x279.png 500w, https:\/\/aeterrasave.net\/erasmus\/wp-content\/uploads\/2020\/12\/Captura-de-ecra-2020-10-21-as-19.02.02-800x447.png 800w, https:\/\/aeterrasave.net\/erasmus\/wp-content\/uploads\/2020\/12\/Captura-de-ecra-2020-10-21-as-19.02.02-1280x715.png 1280w, https:\/\/aeterrasave.net\/erasmus\/wp-content\/uploads\/2020\/12\/Captura-de-ecra-2020-10-21-as-19.02.02-1920x1072.png 1920w, https:\/\/aeterrasave.net\/erasmus\/wp-content\/uploads\/2020\/12\/Captura-de-ecra-2020-10-21-as-19.02.02-1536x858.png 1536w, https:\/\/aeterrasave.net\/erasmus\/wp-content\/uploads\/2020\/12\/Captura-de-ecra-2020-10-21-as-19.02.02-2048x1143.png 2048w, https:\/\/aeterrasave.net\/erasmus\/wp-content\/uploads\/2020\/12\/Captura-de-ecra-2020-10-21-as-19.02.02-600x335.png 600w, https:\/\/aeterrasave.net\/erasmus\/wp-content\/uploads\/2020\/12\/Captura-de-ecra-2020-10-21-as-19.02.02-560x313.png 560w\" sizes=\"(max-width: 300px) 100vw, 300px\" \/><\/p>\n","protected":false},"excerpt":{"rendered":"<p>A 21 de outubro de 2020 decorreu o 1.\u00ba encontro de coordenadores do projeto Erasmus+ Digitally smated kids. Neste encontro, por videoconfer\u00eancia, foram discutidas as estrat\u00e9gias para o arranque do projeto em tempos de pandemia. Todos os parceiros partilharam a situa\u00e7\u00e3o pand\u00e9mica nos seus pa\u00edses e ficou clara a inten\u00e7\u00e3o de iniciar, com energia, o [&hellip;]<\/p>\n","protected":false},"author":8,"featured_media":393,"comment_status":"closed","ping_status":"closed","sticky":false,"template":"","format":"standard","meta":{"_eb_attr":"","footnotes":""},"categories":[8],"tags":[19,17,18],"coauthors":[],"class_list":["post-392","post","type-post","status-publish","format-standard","has-post-thumbnail","hentry","category-digitally-smarted-kids","tag-digitally-smart","tag-digitally-smated-kids","tag-erasmus"],"_links":{"self":[{"href":"https:\/\/aeterrasave.net\/erasmus\/wp-json\/wp\/v2\/posts\/392","targetHints":{"allow":["GET"]}}],"collection":[{"href":"https:\/\/aeterrasave.net\/erasmus\/wp-json\/wp\/v2\/posts"}],"about":[{"href":"https:\/\/aeterrasave.net\/erasmus\/wp-json\/wp\/v2\/types\/post"}],"author":[{"embeddable":true,"href":"https:\/\/aeterrasave.net\/erasmus\/wp-json\/wp\/v2\/users\/8"}],"replies":[{"embeddable":true,"href":"https:\/\/aeterrasave.net\/erasmus\/wp-json\/wp\/v2\/comments?post=392"}],"version-history":[{"count":2,"href":"https:\/\/aeterrasave.net\/erasmus\/wp-json\/wp\/v2\/posts\/392\/revisions"}],"predecessor-version":[{"id":416,"href":"https:\/\/aeterrasave.net\/erasmus\/wp-json\/wp\/v2\/posts\/392\/revisions\/416"}],"wp:featuredmedia":[{"embeddable":true,"href":"https:\/\/aeterrasave.net\/erasmus\/wp-json\/wp\/v2\/media\/393"}],"wp:attachment":[{"href":"https:\/\/aeterrasave.net\/erasmus\/wp-json\/wp\/v2\/media?parent=392"}],"wp:term":[{"taxonomy":"category","embeddable":true,"href":"https:\/\/aeterrasave.net\/erasmus\/wp-json\/wp\/v2\/categories?post=392"},{"taxonomy":"post_tag","embeddable":true,"href":"https:\/\/aeterrasave.net\/erasmus\/wp-json\/wp\/v2\/tags?post=392"},{"taxonomy":"author","embeddable":true,"href":"https:\/\/aeterrasave.net\/erasmus\/wp-json\/wp\/v2\/coauthors?post=392"}],"curies":[{"name":"wp","href":"https:\/\/api.w.org\/{rel}","templated":true}]}}