{"id":4075,"date":"2024-02-13T22:18:31","date_gmt":"2024-02-13T22:18:31","guid":{"rendered":"https:\/\/aeterrasave.net\/erasmus\/?p=4075"},"modified":"2024-06-30T17:07:34","modified_gmt":"2024-06-30T17:07:34","slug":"empowering-youth-for-a-united-europe-informacoes-inscricoes","status":"publish","type":"post","link":"https:\/\/aeterrasave.net\/erasmus\/empowering-youth-for-a-united-europe-informacoes-inscricoes\/","title":{"rendered":"Empowering Youth For a United Europe &#8211; Informa\u00e7\u00f5es &#038; Inscri\u00e7\u00f5es"},"content":{"rendered":"\n<figure class=\"wp-block-image size-large is-resized\"><img fetchpriority=\"high\" decoding=\"async\" width=\"1024\" height=\"408\" src=\"https:\/\/aeterrasave.net\/erasmus\/wp-content\/uploads\/2024\/02\/LogoEYUE-1024x408.jpg\" alt=\"\" class=\"wp-image-4076\" style=\"width:434px;height:auto\" srcset=\"https:\/\/aeterrasave.net\/erasmus\/wp-content\/uploads\/2024\/02\/LogoEYUE-1024x408.jpg 1024w, https:\/\/aeterrasave.net\/erasmus\/wp-content\/uploads\/2024\/02\/LogoEYUE-400x159.jpg 400w, https:\/\/aeterrasave.net\/erasmus\/wp-content\/uploads\/2024\/02\/LogoEYUE-768x306.jpg 768w, https:\/\/aeterrasave.net\/erasmus\/wp-content\/uploads\/2024\/02\/LogoEYUE-1536x612.jpg 1536w, https:\/\/aeterrasave.net\/erasmus\/wp-content\/uploads\/2024\/02\/LogoEYUE-2048x816.jpg 2048w, https:\/\/aeterrasave.net\/erasmus\/wp-content\/uploads\/2024\/02\/LogoEYUE-600x239.jpg 600w, https:\/\/aeterrasave.net\/erasmus\/wp-content\/uploads\/2024\/02\/LogoEYUE-1920x765.jpg 1920w, https:\/\/aeterrasave.net\/erasmus\/wp-content\/uploads\/2024\/02\/LogoEYUE-560x223.jpg 560w\" sizes=\"(max-width: 1024px) 100vw, 1024px\" \/><\/figure>\n\n\n\n<p>O projeto &#8220;Empowering Youth for a United Europe&#8221; tem como objetivo principal capacitar os jovens para promover a unidade europeia e a cidadania ativa. Desenvolvido pela Agrupamento de Escolas Terras do Ave, em parceria com a YUPI, o projeto oferece uma s\u00e9rie de atividades destinadas a promover o desenvolvimento pessoal, a compreens\u00e3o cultural e a participa\u00e7\u00e3o ativa dos jovens. Atrav\u00e9s de workshops, interc\u00e2mbios e outras iniciativas, os participantes t\u00eam a oportunidade de adquirir novas compet\u00eancias, fortalecer o seu sentido de identidade europeia e contribuir para a constru\u00e7\u00e3o de uma Europa mais unida e coesa. <\/p>\n\n\n\n<p>O projeto enfatiza a inclus\u00e3o e o apoio aos jovens com menos oportunidades, garantindo que todos os participantes possam beneficiar plenamente das atividades propostas. <\/p>\n\n\n\n<p>Ao capacitar os jovens para se tornarem agentes de mudan\u00e7a positiva em suas comunidades e al\u00e9m, o projeto visa criar um impacto duradouro e significativo na sociedade.<\/p>\n\n\n\n<p><strong>Data da realiza\u00e7\u00e3o das atividades:<\/strong> 12 a 16 de agosto de 2024<br><strong>Vagas:<\/strong> 25<br><strong>Idade:<\/strong> Na data de realiza\u00e7\u00e3o das atividades \u00e9 obrigat\u00f3rio que os participantes tenham 18 anos<br><strong>Gratuito:<\/strong> Viagens | Alojamento | Refei\u00e7\u00f5es | Passe Interrail <\/p>\n\n\n\n<p style=\"font-size:37px\">Inscreve-te aqui: <a href=\"https:\/\/bit.ly\/aetaempoweryou\">https:\/\/bit.ly\/aetaempoweryou<\/a><\/p>\n","protected":false},"excerpt":{"rendered":"<p>O projeto &#8220;Empowering Youth for a United Europe&#8221; tem como objetivo principal capacitar os jovens para promover a unidade europeia e a cidadania ativa. Desenvolvido pela Agrupamento de Escolas Terras do Ave, em parceria com a YUPI, o projeto oferece uma s\u00e9rie de atividades destinadas a promover o desenvolvimento pessoal, a compreens\u00e3o cultural e a [&hellip;]<\/p>\n","protected":false},"author":1,"featured_media":4076,"comment_status":"closed","ping_status":"closed","sticky":false,"template":"","format":"standard","meta":{"_eb_attr":"","footnotes":""},"categories":[111],"tags":[],"coauthors":[54],"class_list":["post-4075","post","type-post","status-publish","format-standard","has-post-thumbnail","hentry","category-empowering-youth-for-a-united-europe"],"_links":{"self":[{"href":"https:\/\/aeterrasave.net\/erasmus\/wp-json\/wp\/v2\/posts\/4075","targetHints":{"allow":["GET"]}}],"collection":[{"href":"https:\/\/aeterrasave.net\/erasmus\/wp-json\/wp\/v2\/posts"}],"about":[{"href":"https:\/\/aeterrasave.net\/erasmus\/wp-json\/wp\/v2\/types\/post"}],"author":[{"embeddable":true,"href":"https:\/\/aeterrasave.net\/erasmus\/wp-json\/wp\/v2\/users\/1"}],"replies":[{"embeddable":true,"href":"https:\/\/aeterrasave.net\/erasmus\/wp-json\/wp\/v2\/comments?post=4075"}],"version-history":[{"count":8,"href":"https:\/\/aeterrasave.net\/erasmus\/wp-json\/wp\/v2\/posts\/4075\/revisions"}],"predecessor-version":[{"id":4123,"href":"https:\/\/aeterrasave.net\/erasmus\/wp-json\/wp\/v2\/posts\/4075\/revisions\/4123"}],"wp:featuredmedia":[{"embeddable":true,"href":"https:\/\/aeterrasave.net\/erasmus\/wp-json\/wp\/v2\/media\/4076"}],"wp:attachment":[{"href":"https:\/\/aeterrasave.net\/erasmus\/wp-json\/wp\/v2\/media?parent=4075"}],"wp:term":[{"taxonomy":"category","embeddable":true,"href":"https:\/\/aeterrasave.net\/erasmus\/wp-json\/wp\/v2\/categories?post=4075"},{"taxonomy":"post_tag","embeddable":true,"href":"https:\/\/aeterrasave.net\/erasmus\/wp-json\/wp\/v2\/tags?post=4075"},{"taxonomy":"author","embeddable":true,"href":"https:\/\/aeterrasave.net\/erasmus\/wp-json\/wp\/v2\/coauthors?post=4075"}],"curies":[{"name":"wp","href":"https:\/\/api.w.org\/{rel}","templated":true}]}}