{"id":4111,"date":"2024-02-19T18:56:30","date_gmt":"2024-02-19T18:56:30","guid":{"rendered":"https:\/\/aeterrasave.net\/erasmus\/?p=4111"},"modified":"2024-05-01T09:09:41","modified_gmt":"2024-05-01T09:09:41","slug":"visita-a-escola-guillem-fortuny-em-cambrils-tarragona-espanha","status":"publish","type":"post","link":"https:\/\/aeterrasave.net\/erasmus\/visita-a-escola-guillem-fortuny-em-cambrils-tarragona-espanha\/","title":{"rendered":"Visita \u00e0 Escola Guillem Fortuny em Cambrils, Tarragona, Espanha"},"content":{"rendered":"\n<p>Nos dias 15 e 16 de fevereiro, as docentes Adosinda Cabrita, Isabel Alberto e Clara Ver\u00f3nico<br>realizaram uma visita preparat\u00f3ria no \u00e2mbito do CLIL \u00e0 escola p\u00fablica de 1.\u00ba\/2.\u00ba ciclos e pr\u00e9-escolar, na<br>cidade de Cambrils, prov\u00edncia de Tarragona. O objetivo principal desta atividade consistiu na prepara\u00e7\u00e3o<br>e organiza\u00e7\u00e3o da mobilidade de tr\u00eas docentes do 1.\u00ba ciclo do agrupamento no pr\u00f3ximo m\u00eas de abril. A<br>coordenadora Erasmus+ da escola proporcionou a participa\u00e7\u00e3o\/observa\u00e7\u00e3o em v\u00e1rios projetos no<br>\u00e2mbito do CLIL e ST(R)EAM \u2013 Science, Technology, Robotics, Engineering, Arts and Maths. As docentes<br>tiveram tamb\u00e9m a oportunidade de participar na 2.\u00aa edi\u00e7\u00e3o da atividade Science Market Day (Feira da<br>Ci\u00eancia) aberta \u00e0 comunidade educativa. Esta contou com a presen\u00e7a de cientistas do Explorium da<br>Universidade de Tarragona, que dinamizaram v\u00e1rias experi\u00eancias cient\u00edficas durante o dia. Os alunos do<br>2.\u00ba ciclo tamb\u00e9m dinamizaram ateli\u00eas de experi\u00eancias v\u00e1rias para todos, incluindo fam\u00edlias e<br>representantes da autarquia. As docentes elogiaram o acolhimento caloroso com que foram recebidas<br>por toda a comunidade escolar.<\/p>\n\n\n\n<figure class=\"wp-block-gallery has-nested-images columns-default is-cropped wp-block-gallery-1 is-layout-flex wp-block-gallery-is-layout-flex\">\n<figure class=\"wp-block-image size-large\"><img fetchpriority=\"high\" decoding=\"async\" width=\"576\" height=\"1024\" data-id=\"4112\" src=\"https:\/\/aeterrasave.net\/erasmus\/wp-content\/uploads\/2024\/02\/1-576x1024.jpg\" alt=\"\" class=\"wp-image-4112\" srcset=\"https:\/\/aeterrasave.net\/erasmus\/wp-content\/uploads\/2024\/02\/1-576x1024.jpg 576w, https:\/\/aeterrasave.net\/erasmus\/wp-content\/uploads\/2024\/02\/1-225x400.jpg 225w, https:\/\/aeterrasave.net\/erasmus\/wp-content\/uploads\/2024\/02\/1-768x1365.jpg 768w, https:\/\/aeterrasave.net\/erasmus\/wp-content\/uploads\/2024\/02\/1-864x1536.jpg 864w, https:\/\/aeterrasave.net\/erasmus\/wp-content\/uploads\/2024\/02\/1-560x996.jpg 560w, https:\/\/aeterrasave.net\/erasmus\/wp-content\/uploads\/2024\/02\/1.jpg 900w\" sizes=\"(max-width: 576px) 100vw, 576px\" \/><\/figure>\n\n\n\n<figure class=\"wp-block-image size-large\"><img decoding=\"async\" width=\"1024\" height=\"768\" data-id=\"4113\" src=\"https:\/\/aeterrasave.net\/erasmus\/wp-content\/uploads\/2024\/02\/2-1024x768.jpg\" alt=\"\" class=\"wp-image-4113\" srcset=\"https:\/\/aeterrasave.net\/erasmus\/wp-content\/uploads\/2024\/02\/2-1024x768.jpg 1024w, https:\/\/aeterrasave.net\/erasmus\/wp-content\/uploads\/2024\/02\/2-400x300.jpg 400w, https:\/\/aeterrasave.net\/erasmus\/wp-content\/uploads\/2024\/02\/2-768x576.jpg 768w, https:\/\/aeterrasave.net\/erasmus\/wp-content\/uploads\/2024\/02\/2-1536x1152.jpg 1536w, https:\/\/aeterrasave.net\/erasmus\/wp-content\/uploads\/2024\/02\/2-533x400.jpg 533w, https:\/\/aeterrasave.net\/erasmus\/wp-content\/uploads\/2024\/02\/2-1920x1440.jpg 1920w, https:\/\/aeterrasave.net\/erasmus\/wp-content\/uploads\/2024\/02\/2-560x420.jpg 560w, https:\/\/aeterrasave.net\/erasmus\/wp-content\/uploads\/2024\/02\/2.jpg 2048w\" sizes=\"(max-width: 1024px) 100vw, 1024px\" \/><\/figure>\n<\/figure>\n","protected":false},"excerpt":{"rendered":"<p>Nos dias 15 e 16 de fevereiro, as docentes Adosinda Cabrita, Isabel Alberto e Clara Ver\u00f3nicorealizaram uma visita preparat\u00f3ria no \u00e2mbito do CLIL \u00e0 escola p\u00fablica de 1.\u00ba\/2.\u00ba ciclos e pr\u00e9-escolar, nacidade de Cambrils, prov\u00edncia de Tarragona. O objetivo principal desta atividade consistiu na prepara\u00e7\u00e3oe organiza\u00e7\u00e3o da mobilidade de tr\u00eas docentes do 1.\u00ba ciclo do [&hellip;]<\/p>\n","protected":false},"author":11,"featured_media":4113,"comment_status":"closed","ping_status":"closed","sticky":false,"template":"","format":"standard","meta":{"_eb_attr":"","footnotes":""},"categories":[30,77],"tags":[87,18,63,36,103],"coauthors":[48],"class_list":["post-4111","post","type-post","status-publish","format-standard","has-post-thumbnail","hentry","category-erasmus-2021-2027","category-mobilidades-staff-ka1-2023-2024","tag-clil","tag-erasmus","tag-ka1","tag-mobilidade-externa","tag-visita-preparatoria"],"_links":{"self":[{"href":"https:\/\/aeterrasave.net\/erasmus\/wp-json\/wp\/v2\/posts\/4111","targetHints":{"allow":["GET"]}}],"collection":[{"href":"https:\/\/aeterrasave.net\/erasmus\/wp-json\/wp\/v2\/posts"}],"about":[{"href":"https:\/\/aeterrasave.net\/erasmus\/wp-json\/wp\/v2\/types\/post"}],"author":[{"embeddable":true,"href":"https:\/\/aeterrasave.net\/erasmus\/wp-json\/wp\/v2\/users\/11"}],"replies":[{"embeddable":true,"href":"https:\/\/aeterrasave.net\/erasmus\/wp-json\/wp\/v2\/comments?post=4111"}],"version-history":[{"count":1,"href":"https:\/\/aeterrasave.net\/erasmus\/wp-json\/wp\/v2\/posts\/4111\/revisions"}],"predecessor-version":[{"id":4114,"href":"https:\/\/aeterrasave.net\/erasmus\/wp-json\/wp\/v2\/posts\/4111\/revisions\/4114"}],"wp:featuredmedia":[{"embeddable":true,"href":"https:\/\/aeterrasave.net\/erasmus\/wp-json\/wp\/v2\/media\/4113"}],"wp:attachment":[{"href":"https:\/\/aeterrasave.net\/erasmus\/wp-json\/wp\/v2\/media?parent=4111"}],"wp:term":[{"taxonomy":"category","embeddable":true,"href":"https:\/\/aeterrasave.net\/erasmus\/wp-json\/wp\/v2\/categories?post=4111"},{"taxonomy":"post_tag","embeddable":true,"href":"https:\/\/aeterrasave.net\/erasmus\/wp-json\/wp\/v2\/tags?post=4111"},{"taxonomy":"author","embeddable":true,"href":"https:\/\/aeterrasave.net\/erasmus\/wp-json\/wp\/v2\/coauthors?post=4111"}],"curies":[{"name":"wp","href":"https:\/\/api.w.org\/{rel}","templated":true}]}}