{"id":4116,"date":"2024-02-20T19:49:29","date_gmt":"2024-02-20T19:49:29","guid":{"rendered":"https:\/\/aeterrasave.net\/erasmus\/?p=4116"},"modified":"2024-02-20T19:49:30","modified_gmt":"2024-02-20T19:49:30","slug":"curso-inclusao-e-tolerancia-nas-escolas-praga-republica-checa","status":"publish","type":"post","link":"https:\/\/aeterrasave.net\/erasmus\/curso-inclusao-e-tolerancia-nas-escolas-praga-republica-checa\/","title":{"rendered":"Curso &#8220;Inclus\u00e3o e toler\u00e2ncia nas escolas&#8221; &#8211; Praga, Rep\u00fablica Checa"},"content":{"rendered":"\n<p>O Agrupamento de Escolas Terras do Ave fez-se representar, em Praga, na Rep\u00fablica Checa, pela professora Anabela Correia e pela educadora social S\u00edlvia S\u00e1, numa forma\u00e7\u00e3o integrada no Projeto Erasmus: \u201cInclusion &amp; Tolerance at Schools\u201d, de 12 a 16 de fevereiro. Ali se trocaram experi\u00eancias muito enriquecedoras, para todos os intervenientes dos pa\u00edses envolvidos. O tema, absolutamente atual, imp\u00f4s um di\u00e1logo constante e uma partilha das din\u00e2micas utilizadas nas v\u00e1rias escolas, onde a exist\u00eancia crescente de alunos migrantes se faz sentir. \u00c9 indiscut\u00edvel a prem\u00eancia do tema e, por isso, foi para todos uma forma\u00e7\u00e3o inolvid\u00e1vel, que nos deixou com vontade de aprender mais, para fazer melhor pela sociedade que muda a um ritmo alucinante.<br>O programa Erasmus \u00e9, sem d\u00favida, uma forma de colocar o Agrupamento Terras do Ave na vanguarda da discuss\u00e3o e da aprendizagem m\u00fatua, tendo em conta uma vis\u00e3o global da educa\u00e7\u00e3o<\/p>\n\n\n\n<figure class=\"wp-block-gallery has-nested-images columns-1 is-cropped wp-block-gallery-1 is-layout-flex wp-block-gallery-is-layout-flex\">\n<figure class=\"wp-block-image size-medium\"><img fetchpriority=\"high\" decoding=\"async\" width=\"305\" height=\"400\" data-id=\"4117\" src=\"https:\/\/aeterrasave.net\/erasmus\/wp-content\/uploads\/2024\/02\/IMG-20240219-WA0009-305x400.jpg\" alt=\"\" class=\"wp-image-4117\" srcset=\"https:\/\/aeterrasave.net\/erasmus\/wp-content\/uploads\/2024\/02\/IMG-20240219-WA0009-305x400.jpg 305w, https:\/\/aeterrasave.net\/erasmus\/wp-content\/uploads\/2024\/02\/IMG-20240219-WA0009-781x1024.jpg 781w, https:\/\/aeterrasave.net\/erasmus\/wp-content\/uploads\/2024\/02\/IMG-20240219-WA0009-768x1007.jpg 768w, https:\/\/aeterrasave.net\/erasmus\/wp-content\/uploads\/2024\/02\/IMG-20240219-WA0009-560x734.jpg 560w, https:\/\/aeterrasave.net\/erasmus\/wp-content\/uploads\/2024\/02\/IMG-20240219-WA0009.jpg 915w\" sizes=\"(max-width: 305px) 100vw, 305px\" \/><\/figure>\n\n\n\n<figure class=\"wp-block-image size-medium\"><img decoding=\"async\" width=\"361\" height=\"400\" data-id=\"4118\" src=\"https:\/\/aeterrasave.net\/erasmus\/wp-content\/uploads\/2024\/02\/IMG-20240219-WA0008-361x400.jpg\" alt=\"\" class=\"wp-image-4118\" srcset=\"https:\/\/aeterrasave.net\/erasmus\/wp-content\/uploads\/2024\/02\/IMG-20240219-WA0008-361x400.jpg 361w, https:\/\/aeterrasave.net\/erasmus\/wp-content\/uploads\/2024\/02\/IMG-20240219-WA0008-923x1024.jpg 923w, https:\/\/aeterrasave.net\/erasmus\/wp-content\/uploads\/2024\/02\/IMG-20240219-WA0008-768x852.jpg 768w, https:\/\/aeterrasave.net\/erasmus\/wp-content\/uploads\/2024\/02\/IMG-20240219-WA0008-560x621.jpg 560w, https:\/\/aeterrasave.net\/erasmus\/wp-content\/uploads\/2024\/02\/IMG-20240219-WA0008.jpg 1134w\" sizes=\"(max-width: 361px) 100vw, 361px\" \/><\/figure>\n\n\n\n<figure class=\"wp-block-image size-medium\"><img decoding=\"async\" width=\"400\" height=\"189\" data-id=\"4119\" src=\"https:\/\/aeterrasave.net\/erasmus\/wp-content\/uploads\/2024\/02\/IMG-20240214-WA0138-400x189.jpg\" alt=\"\" class=\"wp-image-4119\" srcset=\"https:\/\/aeterrasave.net\/erasmus\/wp-content\/uploads\/2024\/02\/IMG-20240214-WA0138-400x189.jpg 400w, https:\/\/aeterrasave.net\/erasmus\/wp-content\/uploads\/2024\/02\/IMG-20240214-WA0138-1024x485.jpg 1024w, https:\/\/aeterrasave.net\/erasmus\/wp-content\/uploads\/2024\/02\/IMG-20240214-WA0138-768x363.jpg 768w, https:\/\/aeterrasave.net\/erasmus\/wp-content\/uploads\/2024\/02\/IMG-20240214-WA0138-1536x727.jpg 1536w, https:\/\/aeterrasave.net\/erasmus\/wp-content\/uploads\/2024\/02\/IMG-20240214-WA0138-600x284.jpg 600w, https:\/\/aeterrasave.net\/erasmus\/wp-content\/uploads\/2024\/02\/IMG-20240214-WA0138-1920x909.jpg 1920w, https:\/\/aeterrasave.net\/erasmus\/wp-content\/uploads\/2024\/02\/IMG-20240214-WA0138-560x265.jpg 560w, https:\/\/aeterrasave.net\/erasmus\/wp-content\/uploads\/2024\/02\/IMG-20240214-WA0138.jpg 2016w\" sizes=\"(max-width: 400px) 100vw, 400px\" \/><\/figure>\n<\/figure>\n","protected":false},"excerpt":{"rendered":"<p>O Agrupamento de Escolas Terras do Ave fez-se representar, em Praga, na Rep\u00fablica Checa, pela professora Anabela Correia e pela educadora social S\u00edlvia S\u00e1, numa forma\u00e7\u00e3o integrada no Projeto Erasmus: \u201cInclusion &amp; Tolerance at Schools\u201d, de 12 a 16 de fevereiro. Ali se trocaram experi\u00eancias muito enriquecedoras, para todos os intervenientes dos pa\u00edses envolvidos. O [&hellip;]<\/p>\n","protected":false},"author":2,"featured_media":4118,"comment_status":"closed","ping_status":"closed","sticky":false,"template":"","format":"standard","meta":{"_eb_attr":"","footnotes":""},"categories":[30,77],"tags":[88,18,91,63,36,92],"coauthors":[46],"class_list":["post-4116","post","type-post","status-publish","format-standard","has-post-thumbnail","hentry","category-erasmus-2021-2027","category-mobilidades-staff-ka1-2023-2024","tag-curso","tag-erasmus","tag-inclusao","tag-ka1","tag-mobilidade-externa","tag-praga"],"_links":{"self":[{"href":"https:\/\/aeterrasave.net\/erasmus\/wp-json\/wp\/v2\/posts\/4116","targetHints":{"allow":["GET"]}}],"collection":[{"href":"https:\/\/aeterrasave.net\/erasmus\/wp-json\/wp\/v2\/posts"}],"about":[{"href":"https:\/\/aeterrasave.net\/erasmus\/wp-json\/wp\/v2\/types\/post"}],"author":[{"embeddable":true,"href":"https:\/\/aeterrasave.net\/erasmus\/wp-json\/wp\/v2\/users\/2"}],"replies":[{"embeddable":true,"href":"https:\/\/aeterrasave.net\/erasmus\/wp-json\/wp\/v2\/comments?post=4116"}],"version-history":[{"count":1,"href":"https:\/\/aeterrasave.net\/erasmus\/wp-json\/wp\/v2\/posts\/4116\/revisions"}],"predecessor-version":[{"id":4120,"href":"https:\/\/aeterrasave.net\/erasmus\/wp-json\/wp\/v2\/posts\/4116\/revisions\/4120"}],"wp:featuredmedia":[{"embeddable":true,"href":"https:\/\/aeterrasave.net\/erasmus\/wp-json\/wp\/v2\/media\/4118"}],"wp:attachment":[{"href":"https:\/\/aeterrasave.net\/erasmus\/wp-json\/wp\/v2\/media?parent=4116"}],"wp:term":[{"taxonomy":"category","embeddable":true,"href":"https:\/\/aeterrasave.net\/erasmus\/wp-json\/wp\/v2\/categories?post=4116"},{"taxonomy":"post_tag","embeddable":true,"href":"https:\/\/aeterrasave.net\/erasmus\/wp-json\/wp\/v2\/tags?post=4116"},{"taxonomy":"author","embeddable":true,"href":"https:\/\/aeterrasave.net\/erasmus\/wp-json\/wp\/v2\/coauthors?post=4116"}],"curies":[{"name":"wp","href":"https:\/\/api.w.org\/{rel}","templated":true}]}}