{"id":4308,"date":"2024-04-30T20:42:40","date_gmt":"2024-04-30T20:42:40","guid":{"rendered":"https:\/\/aeterrasave.net\/erasmus\/?p=4308"},"modified":"2024-05-01T18:16:59","modified_gmt":"2024-05-01T18:16:59","slug":"eb-terras-do-ave-participa-numa-missao-de-ensino-na-eslovenia","status":"publish","type":"post","link":"https:\/\/aeterrasave.net\/erasmus\/eb-terras-do-ave-participa-numa-missao-de-ensino-na-eslovenia\/","title":{"rendered":"Docente do AE Terras do Ave participa numa Miss\u00e3o de Ensino, na Eslov\u00e9nia"},"content":{"rendered":"\n<p>Entre os dias 22 e 26 de abril a docente Rosa Vit\u00f3ria Marques, do AE Terras do Ave participou numa Miss\u00e3o de Ensino, na Eslov\u00e9nia, \u201cEnvironmental Education and Sustainability Practices and Strategies\u201d.<\/p>\n\n\n\n<p>Partilhar pr\u00e1ticas pedag\u00f3gicas, participar e colaborar em atividades educativas, aprender em conjunto, e disseminar as nossas experi\u00eancias na \u00e1rea das altera\u00e7\u00f5es clim\u00e1ticas e da implementa\u00e7\u00e3o de estrat\u00e9gias de educa\u00e7\u00e3o ambiental para os objetivos do desenvolvimento e sustentabilidade, suscita a necessidade de continuar a colaborar para a concretizar as metas que permitem a possibilidade de aceder a um futuro sustent\u00e1vel e sem fronteiras. Porque o ato de aprender e de ensinar n\u00e3o conhece fronteiras, basta a vontade de o fazer.<\/p>\n\n\n\n<figure class=\"wp-block-image size-large\"><img fetchpriority=\"high\" decoding=\"async\" width=\"1024\" height=\"982\" src=\"https:\/\/aeterrasave.net\/erasmus\/wp-content\/uploads\/2024\/04\/IMG-20240423-WA0011-1-1024x982.jpg\" alt=\"\" class=\"wp-image-4309\" srcset=\"https:\/\/aeterrasave.net\/erasmus\/wp-content\/uploads\/2024\/04\/IMG-20240423-WA0011-1-1024x982.jpg 1024w, https:\/\/aeterrasave.net\/erasmus\/wp-content\/uploads\/2024\/04\/IMG-20240423-WA0011-1-400x384.jpg 400w, https:\/\/aeterrasave.net\/erasmus\/wp-content\/uploads\/2024\/04\/IMG-20240423-WA0011-1-768x737.jpg 768w, https:\/\/aeterrasave.net\/erasmus\/wp-content\/uploads\/2024\/04\/IMG-20240423-WA0011-1-1536x1473.jpg 1536w, https:\/\/aeterrasave.net\/erasmus\/wp-content\/uploads\/2024\/04\/IMG-20240423-WA0011-1-417x400.jpg 417w, https:\/\/aeterrasave.net\/erasmus\/wp-content\/uploads\/2024\/04\/IMG-20240423-WA0011-1-1920x1841.jpg 1920w, https:\/\/aeterrasave.net\/erasmus\/wp-content\/uploads\/2024\/04\/IMG-20240423-WA0011-1-560x537.jpg 560w, https:\/\/aeterrasave.net\/erasmus\/wp-content\/uploads\/2024\/04\/IMG-20240423-WA0011-1.jpg 2048w\" sizes=\"(max-width: 1024px) 100vw, 1024px\" \/><\/figure>\n","protected":false},"excerpt":{"rendered":"<p>Entre os dias 22 e 26 de abril a docente Rosa Vit\u00f3ria Marques, do AE Terras do Ave participou numa Miss\u00e3o de Ensino, na Eslov\u00e9nia, \u201cEnvironmental Education and Sustainability Practices and Strategies\u201d. Partilhar pr\u00e1ticas pedag\u00f3gicas, participar e colaborar em atividades educativas, aprender em conjunto, e disseminar as nossas experi\u00eancias na \u00e1rea das altera\u00e7\u00f5es clim\u00e1ticas e [&hellip;]<\/p>\n","protected":false},"author":16,"featured_media":4333,"comment_status":"closed","ping_status":"closed","sticky":false,"template":"","format":"standard","meta":{"_eb_attr":"","footnotes":""},"categories":[30,77],"tags":[18,63,101,36,102],"coauthors":[76],"class_list":["post-4308","post","type-post","status-publish","format-standard","has-post-thumbnail","hentry","category-erasmus-2021-2027","category-mobilidades-staff-ka1-2023-2024","tag-erasmus","tag-ka1","tag-missao-ensino","tag-mobilidade-externa","tag-sustentabilidade"],"_links":{"self":[{"href":"https:\/\/aeterrasave.net\/erasmus\/wp-json\/wp\/v2\/posts\/4308","targetHints":{"allow":["GET"]}}],"collection":[{"href":"https:\/\/aeterrasave.net\/erasmus\/wp-json\/wp\/v2\/posts"}],"about":[{"href":"https:\/\/aeterrasave.net\/erasmus\/wp-json\/wp\/v2\/types\/post"}],"author":[{"embeddable":true,"href":"https:\/\/aeterrasave.net\/erasmus\/wp-json\/wp\/v2\/users\/16"}],"replies":[{"embeddable":true,"href":"https:\/\/aeterrasave.net\/erasmus\/wp-json\/wp\/v2\/comments?post=4308"}],"version-history":[{"count":2,"href":"https:\/\/aeterrasave.net\/erasmus\/wp-json\/wp\/v2\/posts\/4308\/revisions"}],"predecessor-version":[{"id":4332,"href":"https:\/\/aeterrasave.net\/erasmus\/wp-json\/wp\/v2\/posts\/4308\/revisions\/4332"}],"wp:featuredmedia":[{"embeddable":true,"href":"https:\/\/aeterrasave.net\/erasmus\/wp-json\/wp\/v2\/media\/4333"}],"wp:attachment":[{"href":"https:\/\/aeterrasave.net\/erasmus\/wp-json\/wp\/v2\/media?parent=4308"}],"wp:term":[{"taxonomy":"category","embeddable":true,"href":"https:\/\/aeterrasave.net\/erasmus\/wp-json\/wp\/v2\/categories?post=4308"},{"taxonomy":"post_tag","embeddable":true,"href":"https:\/\/aeterrasave.net\/erasmus\/wp-json\/wp\/v2\/tags?post=4308"},{"taxonomy":"author","embeddable":true,"href":"https:\/\/aeterrasave.net\/erasmus\/wp-json\/wp\/v2\/coauthors?post=4308"}],"curies":[{"name":"wp","href":"https:\/\/api.w.org\/{rel}","templated":true}]}}