{"id":4737,"date":"2024-10-29T14:44:27","date_gmt":"2024-10-29T14:44:27","guid":{"rendered":"https:\/\/aeterrasave.net\/erasmus\/?p=4737"},"modified":"2024-11-02T16:49:29","modified_gmt":"2024-11-02T16:49:29","slug":"conferencia-digital-tools-for-teachers-em-mersin-turquia","status":"publish","type":"post","link":"https:\/\/aeterrasave.net\/erasmus\/conferencia-digital-tools-for-teachers-em-mersin-turquia\/","title":{"rendered":"Confer\u00eancia \u201cDigital Tools for Teachers\u201d em Mersin &#8211; Turquia"},"content":{"rendered":"\n<p>No dia 28 de outubro de 2024, os docentes Maria Clara Ver\u00f3nico, Isabel Alberto e Alberto Costa, do Agrupamento de Escolas Terras do Ave, participaram na confer\u00eancia &#8220;Digital Tools for Teachers&#8221; realizada na escola Yeni\u015fehir Anadolu Imam Hatip Lisesi, em Mersin, Turquia. Este evento foi a \u00faltima atividade do projeto &#8220;DIGITAL TEACHERS &#8211; Classrooms Without Borders Created with Digital Technologies&#8221;, que visou capacitar os professores com ferramentas digitais inovadoras para enriquecer o processo de ensino e aprendizagem.<\/p>\n\n\n\n<p>A confer\u00eancia, que contou com a presen\u00e7a de v\u00e1rios docentes dos pa\u00edses parceiros, nomeadamente a Turquia, a Est\u00f3nia, a Gr\u00e9cia e a Maced\u00f3nia, e convidados, foi transmitida online, permitindo que um p\u00fablico mais amplo acompanhasse as apresenta\u00e7\u00f5es sobre novas tecnologias aplicadas ao ensino. Estas foram desenvolvidas no \u00e2mbito do projeto, atrav\u00e9s da cria\u00e7\u00e3o de uma aplica\u00e7\u00e3o m\u00f3vel, uma plataforma de e-learning e materiais educativos em rob\u00f3tica. Maria Clara Ver\u00f3nico representou Portugal ao apresentar o projeto Smart Robokit Educational Material, que visa tornar a aprendizagem de rob\u00f3tica mais acess\u00edvel e envolvente para os alunos.<\/p>\n\n\n\n<p>A confer\u00eancia destacou-se pela diversidade de palestras e pela partilha de experi\u00eancias entre educadores de diferentes nacionalidades. A participa\u00e7\u00e3o do Agrupamento de Escolas Terras do Ave neste projeto fortaleceu redes de coopera\u00e7\u00e3o internacional e consolidou as pr\u00e1ticas implementadas durante o projeto &#8220;DIGITAL TEACHERS&#8221;. Esta intera\u00e7\u00e3o n\u00e3o s\u00f3 promoveu a inova\u00e7\u00e3o pedag\u00f3gica, mas tamb\u00e9m facilitou o desenvolvimento de metodologias que podem ser adaptadas e implementadas em contextos diversos.<\/p>\n\n\n\n<div class=\"wp-block-image-gallery-block-image-gallery-block\"><div class=\"eb-parent-wrapper eb-parent-eb-image-gallery-5gdi0 \"><div class=\"eb-gallery-img-wrapper eb-image-gallery-5gdi0 grid overlay-bottom caption-style-0   no-isotope \" data-id=\"eb-image-gallery-5gdi0\"><a href=\"https:\/\/aeterrasave.net\/erasmus\/wp-content\/uploads\/2024\/10\/WhatsApp-Image-2024-10-28-at-20.51.01.jpeg\" rel=\"noopener\" data-fslightbox=\"gallery\" data-type=\"image\" class=\"eb-gallery-img-content eb-filter-img-\"><span class=\"eb-gallery-link-wrapper\"><img decoding=\"async\" class=\"eb-gallery-img\" src=\"https:\/\/aeterrasave.net\/erasmus\/wp-content\/uploads\/2024\/10\/WhatsApp-Image-2024-10-28-at-20.51.01.jpeg\" image-index=\"0\" alt=\"\"\/><\/span><\/a><a href=\"https:\/\/aeterrasave.net\/erasmus\/wp-content\/uploads\/2024\/10\/WhatsApp-Image-2024-10-29-at-17.42.53.jpeg\" rel=\"noopener\" data-fslightbox=\"gallery\" data-type=\"image\" class=\"eb-gallery-img-content eb-filter-img-\"><span class=\"eb-gallery-link-wrapper\"><img decoding=\"async\" class=\"eb-gallery-img\" src=\"https:\/\/aeterrasave.net\/erasmus\/wp-content\/uploads\/2024\/10\/WhatsApp-Image-2024-10-29-at-17.42.53.jpeg\" image-index=\"1\" alt=\"\"\/><\/span><\/a><a href=\"https:\/\/aeterrasave.net\/erasmus\/wp-content\/uploads\/2024\/10\/WhatsApp-Image-2024-10-28-at-11.32.41.jpeg\" rel=\"noopener\" data-fslightbox=\"gallery\" data-type=\"image\" class=\"eb-gallery-img-content eb-filter-img-\"><span class=\"eb-gallery-link-wrapper\"><img decoding=\"async\" class=\"eb-gallery-img\" src=\"https:\/\/aeterrasave.net\/erasmus\/wp-content\/uploads\/2024\/10\/WhatsApp-Image-2024-10-28-at-11.32.41.jpeg\" image-index=\"2\" alt=\"\"\/><\/span><\/a><\/div><\/div><\/div>\n","protected":false},"excerpt":{"rendered":"<p>No dia 28 de outubro de 2024, os docentes Maria Clara Ver\u00f3nico, Isabel Alberto e Alberto Costa, do Agrupamento de Escolas Terras do Ave, participaram na confer\u00eancia &#8220;Digital Tools for Teachers&#8221; realizada na escola Yeni\u015fehir Anadolu Imam Hatip Lisesi, em Mersin, Turquia. Este evento foi a \u00faltima atividade do projeto &#8220;DIGITAL TEACHERS &#8211; Classrooms Without [&hellip;]<\/p>\n","protected":false},"author":1,"featured_media":4738,"comment_status":"closed","ping_status":"closed","sticky":false,"template":"","format":"standard","meta":{"_eb_attr":"","footnotes":""},"categories":[69],"tags":[],"coauthors":[54],"class_list":["post-4737","post","type-post","status-publish","format-standard","has-post-thumbnail","hentry","category-digital-teachers"],"_links":{"self":[{"href":"https:\/\/aeterrasave.net\/erasmus\/wp-json\/wp\/v2\/posts\/4737","targetHints":{"allow":["GET"]}}],"collection":[{"href":"https:\/\/aeterrasave.net\/erasmus\/wp-json\/wp\/v2\/posts"}],"about":[{"href":"https:\/\/aeterrasave.net\/erasmus\/wp-json\/wp\/v2\/types\/post"}],"author":[{"embeddable":true,"href":"https:\/\/aeterrasave.net\/erasmus\/wp-json\/wp\/v2\/users\/1"}],"replies":[{"embeddable":true,"href":"https:\/\/aeterrasave.net\/erasmus\/wp-json\/wp\/v2\/comments?post=4737"}],"version-history":[{"count":2,"href":"https:\/\/aeterrasave.net\/erasmus\/wp-json\/wp\/v2\/posts\/4737\/revisions"}],"predecessor-version":[{"id":4776,"href":"https:\/\/aeterrasave.net\/erasmus\/wp-json\/wp\/v2\/posts\/4737\/revisions\/4776"}],"wp:featuredmedia":[{"embeddable":true,"href":"https:\/\/aeterrasave.net\/erasmus\/wp-json\/wp\/v2\/media\/4738"}],"wp:attachment":[{"href":"https:\/\/aeterrasave.net\/erasmus\/wp-json\/wp\/v2\/media?parent=4737"}],"wp:term":[{"taxonomy":"category","embeddable":true,"href":"https:\/\/aeterrasave.net\/erasmus\/wp-json\/wp\/v2\/categories?post=4737"},{"taxonomy":"post_tag","embeddable":true,"href":"https:\/\/aeterrasave.net\/erasmus\/wp-json\/wp\/v2\/tags?post=4737"},{"taxonomy":"author","embeddable":true,"href":"https:\/\/aeterrasave.net\/erasmus\/wp-json\/wp\/v2\/coauthors?post=4737"}],"curies":[{"name":"wp","href":"https:\/\/api.w.org\/{rel}","templated":true}]}}