{"id":4972,"date":"2025-01-04T14:42:49","date_gmt":"2025-01-04T14:42:49","guid":{"rendered":"https:\/\/aeterrasave.net\/erasmus\/?p=4972"},"modified":"2025-01-04T16:56:08","modified_gmt":"2025-01-04T16:56:08","slug":"projeto-together-we-rise-do-aeta-recebe-aprovacao-do-programa-erasmus","status":"publish","type":"post","link":"https:\/\/aeterrasave.net\/erasmus\/projeto-together-we-rise-do-aeta-recebe-aprovacao-do-programa-erasmus\/","title":{"rendered":"Projeto \u201cTogether We Rise\u201d do AETA recebe Aprova\u00e7\u00e3o do Programa Erasmus+"},"content":{"rendered":"\n<p>O Agrupamento de Escolas Terras do Ave, em parceria com a YUPI (Youth Union of People with Initiative), anuncia com entusiasmo a aprova\u00e7\u00e3o do projeto <strong>\u201cTogether We Rise\u201d<\/strong>, no \u00e2mbito do programa DiscoverEU Inclusion Action. Este projeto tem como objetivo oferecer uma experi\u00eancia enriquecedora a 20 jovens da comunidade, promovendo o seu desenvolvimento pessoal, social e cultural atrav\u00e9s de viagens pela Europa.<\/p>\n\n\n\n<p>Desta forma, o Agrupamento de Escolas Terras do Ave reafirma o seu compromisso com o desenvolvimento comunit\u00e1rio, proporcionando aos jovens ferramentas para se tornarem agentes de mudan\u00e7a nas suas comunidades. O \u201cTogether We Rise\u201d visa capacitar os participantes com compet\u00eancias de lideran\u00e7a, compet\u00eancias digitais e empreendedoras, ajudando-os a superar barreiras socioecon\u00f3micas e a explorar novas oportunidades para o futuro.<\/p>\n\n\n\n<p>A iniciativa tamb\u00e9m fomenta a inclus\u00e3o social e o di\u00e1logo intercultural, fortalecendo o sentimento de perten\u00e7a \u00e0 Uni\u00e3o Europeia e promovendo o respeito pela diversidade cultural. Simultaneamente, tamb\u00e9m integra pr\u00e1ticas sustent\u00e1veis e a sensibiliza\u00e7\u00e3o ambiental como elementos centrais para a forma\u00e7\u00e3o dos jovens e a constru\u00e7\u00e3o de uma sociedade mais consciente e respons\u00e1vel.<\/p>\n\n\n\n<p>Esta aprova\u00e7\u00e3o reflete o esfor\u00e7o coletivo de uma equipa dedicada, que, com empenho e abnega\u00e7\u00e3o, tem trabalhado de forma incans\u00e1vel na conce\u00e7\u00e3o, reda\u00e7\u00e3o e implementa\u00e7\u00e3o deste tipo de projeto. O Agrupamento de Escolas Terras do Ave expressa o seu profundo agradecimento a todos os envolvidos, cuja dedica\u00e7\u00e3o tem sido crucial para alcan\u00e7ar este resultado e impacto t\u00e3o significativos.<\/p>\n\n\n\n<p><\/p>\n","protected":false},"excerpt":{"rendered":"<p>O Agrupamento de Escolas Terras do Ave, em parceria com a YUPI (Youth Union of People with Initiative), anuncia com entusiasmo a aprova\u00e7\u00e3o do projeto \u201cTogether We Rise\u201d, no \u00e2mbito do programa DiscoverEU Inclusion Action. Este projeto tem como objetivo oferecer uma experi\u00eancia enriquecedora a 20 jovens da comunidade, promovendo o seu desenvolvimento pessoal, social [&hellip;]<\/p>\n","protected":false},"author":1,"featured_media":4958,"comment_status":"closed","ping_status":"closed","sticky":false,"template":"","format":"standard","meta":{"_eb_attr":"","footnotes":""},"categories":[129],"tags":[],"coauthors":[54],"class_list":["post-4972","post","type-post","status-publish","format-standard","has-post-thumbnail","hentry","category-together-we-rise"],"_links":{"self":[{"href":"https:\/\/aeterrasave.net\/erasmus\/wp-json\/wp\/v2\/posts\/4972","targetHints":{"allow":["GET"]}}],"collection":[{"href":"https:\/\/aeterrasave.net\/erasmus\/wp-json\/wp\/v2\/posts"}],"about":[{"href":"https:\/\/aeterrasave.net\/erasmus\/wp-json\/wp\/v2\/types\/post"}],"author":[{"embeddable":true,"href":"https:\/\/aeterrasave.net\/erasmus\/wp-json\/wp\/v2\/users\/1"}],"replies":[{"embeddable":true,"href":"https:\/\/aeterrasave.net\/erasmus\/wp-json\/wp\/v2\/comments?post=4972"}],"version-history":[{"count":3,"href":"https:\/\/aeterrasave.net\/erasmus\/wp-json\/wp\/v2\/posts\/4972\/revisions"}],"predecessor-version":[{"id":4984,"href":"https:\/\/aeterrasave.net\/erasmus\/wp-json\/wp\/v2\/posts\/4972\/revisions\/4984"}],"wp:featuredmedia":[{"embeddable":true,"href":"https:\/\/aeterrasave.net\/erasmus\/wp-json\/wp\/v2\/media\/4958"}],"wp:attachment":[{"href":"https:\/\/aeterrasave.net\/erasmus\/wp-json\/wp\/v2\/media?parent=4972"}],"wp:term":[{"taxonomy":"category","embeddable":true,"href":"https:\/\/aeterrasave.net\/erasmus\/wp-json\/wp\/v2\/categories?post=4972"},{"taxonomy":"post_tag","embeddable":true,"href":"https:\/\/aeterrasave.net\/erasmus\/wp-json\/wp\/v2\/tags?post=4972"},{"taxonomy":"author","embeddable":true,"href":"https:\/\/aeterrasave.net\/erasmus\/wp-json\/wp\/v2\/coauthors?post=4972"}],"curies":[{"name":"wp","href":"https:\/\/api.w.org\/{rel}","templated":true}]}}