{"id":5281,"date":"2025-04-28T08:21:20","date_gmt":"2025-04-28T08:21:20","guid":{"rendered":"https:\/\/aeterrasave.net\/erasmus\/?p=5281"},"modified":"2025-10-19T18:06:53","modified_gmt":"2025-10-19T18:06:53","slug":"eco-leaders-empowering-teachers-for-a-sustainable-future","status":"publish","type":"post","link":"https:\/\/aeterrasave.net\/erasmus\/eco-leaders-empowering-teachers-for-a-sustainable-future\/","title":{"rendered":"Eco-Leaders: Empowering Teachers for a Sustainable Future"},"content":{"rendered":"\n<div class=\"wp-block-columns is-layout-flex wp-container-core-columns-is-layout-9d6595d7 wp-block-columns-is-layout-flex\">\n<div class=\"wp-block-column is-layout-flow wp-block-column-is-layout-flow\" style=\"flex-basis:100%\">\n<div class=\"wp-block-media-text is-stacked-on-mobile is-vertically-aligned-center\" style=\"grid-template-columns:34% auto\"><figure  class=\"wp-block-media-text__media\"><img decoding=\"async\" width=\"255\" height=\"162\" alt=\"\" src=\"https:\/\/aeterrasave.net\/erasmus\/wp-content\/uploads\/2025\/04\/Estonia.png\" class=\"wp-image-5294 size-full\"><\/figure><div class=\"wp-block-media-text__content\">\n<p><strong>Escola\/organiza\u00e7\u00e3o Coordenadora:&nbsp;<\/strong><\/p>\n\n\n\n<p>Luunja Secondary School<\/p>\n\n\n\n<p><strong>Tema:&nbsp;<\/strong>Ambiente e altera\u00e7\u00f5es clim\u00e1ticas<strong><br><\/strong><br><strong>Pa\u00edses Envolvidos:&nbsp;<\/strong> Est\u00f3nia| Turquia | Portugal | Finl\u00e2ndia|<\/p>\n\n\n\n<p><strong>In\u00edcio<\/strong>: 05\/2025<\/p>\n\n\n\n<p><strong>Professores Coordenadores<\/strong>: Almerindo Oliveira<\/p>\n<\/div><\/div>\n<\/div>\n<\/div>\n\n\n\n<hr class=\"wp-block-separator has-alpha-channel-opacity\"\/>\n\n\n\n<p><strong>Apresenta\u00e7\u00e3o do Projeto<\/strong><\/p>\n\n\n\n<p>O projeto <strong>EcoLeaders: Empowering Teachers for a Sustainable Future<\/strong> tem como objetivo principal capacitar os professores para integrarem pr\u00e1ticas sustent\u00e1veis na educa\u00e7\u00e3o, atrav\u00e9s do desenvolvimento de compet\u00eancias em lideran\u00e7a ecol\u00f3gica, compet\u00eancias digitais verdes, pensamento cr\u00edtico e ecolingu\u00edstica. Pretende-se preparar os docentes para promoverem uma cultura escolar mais consciente e respons\u00e1vel em rela\u00e7\u00e3o aos desafios ambientais globais.<\/p>\n\n\n\n<p>A implementa\u00e7\u00e3o do projeto inclui atividades de mobilidade para professores, como reuni\u00f5es para alinhamento estrat\u00e9gico, a\u00e7\u00f5es de forma\u00e7\u00e3o sobre compet\u00eancias digitais verdes, workshops colaborativos focados no pensamento cr\u00edtico ecol\u00f3gico e na integra\u00e7\u00e3o da ecolingu\u00edstica nas pr\u00e1ticas educativas. Ser\u00e3o tamb\u00e9m criados recursos pedag\u00f3gicos como o <strong>Green Digital Teaching Toolkit<\/strong>, o <strong>Eco-Critical Leadership Guide<\/strong> e o <strong>Ecolinguistic Resource Pack<\/strong>, al\u00e9m da dinamiza\u00e7\u00e3o de plataformas de comunica\u00e7\u00e3o como o website e as redes sociais do projeto.<\/p>\n\n\n\n<p>Os resultados esperados abrangem tanto a produ\u00e7\u00e3o de materiais concretos \u2013 log\u00f3tipos, guias, planos de a\u00e7\u00e3o e conte\u00fados digitais \u2013 como o desenvolvimento de resultados intang\u00edveis, nomeadamente o fortalecimento das compet\u00eancias de lideran\u00e7a dos professores, o aumento da consci\u00eancia ambiental nas escolas e a promo\u00e7\u00e3o de pr\u00e1ticas educativas mais inovadoras e sustent\u00e1veis. Este projeto visa consolidar pr\u00e1ticas que tornem a educa\u00e7\u00e3o mais ecol\u00f3gica, digitalmente inovadora e alinhada com os valores europeus de sustentabilidade e cidadania global.<\/p>\n\n\n\n<p><\/p>\n","protected":false},"excerpt":{"rendered":"<p>Escola\/organiza\u00e7\u00e3o Coordenadora:&nbsp; Luunja Secondary School Tema:&nbsp;Ambiente e altera\u00e7\u00f5es clim\u00e1ticasPa\u00edses Envolvidos:&nbsp; Est\u00f3nia| Turquia | Portugal | Finl\u00e2ndia| In\u00edcio: 05\/2025 Professores Coordenadores: Almerindo Oliveira Apresenta\u00e7\u00e3o do Projeto O projeto EcoLeaders: Empowering Teachers for a Sustainable Future tem como objetivo principal capacitar os professores para integrarem pr\u00e1ticas sustent\u00e1veis na educa\u00e7\u00e3o, atrav\u00e9s do desenvolvimento de compet\u00eancias em lideran\u00e7a ecol\u00f3gica, [&hellip;]<\/p>\n","protected":false},"author":16,"featured_media":5294,"comment_status":"closed","ping_status":"closed","sticky":false,"template":"elementor_theme","format":"standard","meta":{"_eb_attr":"","footnotes":""},"categories":[136],"tags":[],"coauthors":[76],"class_list":["post-5281","post","type-post","status-publish","format-standard","has-post-thumbnail","hentry","category-eco-leaders-empowering-teachers-for-a-sustainable-future"],"_links":{"self":[{"href":"https:\/\/aeterrasave.net\/erasmus\/wp-json\/wp\/v2\/posts\/5281","targetHints":{"allow":["GET"]}}],"collection":[{"href":"https:\/\/aeterrasave.net\/erasmus\/wp-json\/wp\/v2\/posts"}],"about":[{"href":"https:\/\/aeterrasave.net\/erasmus\/wp-json\/wp\/v2\/types\/post"}],"author":[{"embeddable":true,"href":"https:\/\/aeterrasave.net\/erasmus\/wp-json\/wp\/v2\/users\/16"}],"replies":[{"embeddable":true,"href":"https:\/\/aeterrasave.net\/erasmus\/wp-json\/wp\/v2\/comments?post=5281"}],"version-history":[{"count":6,"href":"https:\/\/aeterrasave.net\/erasmus\/wp-json\/wp\/v2\/posts\/5281\/revisions"}],"predecessor-version":[{"id":5295,"href":"https:\/\/aeterrasave.net\/erasmus\/wp-json\/wp\/v2\/posts\/5281\/revisions\/5295"}],"wp:featuredmedia":[{"embeddable":true,"href":"https:\/\/aeterrasave.net\/erasmus\/wp-json\/wp\/v2\/media\/5294"}],"wp:attachment":[{"href":"https:\/\/aeterrasave.net\/erasmus\/wp-json\/wp\/v2\/media?parent=5281"}],"wp:term":[{"taxonomy":"category","embeddable":true,"href":"https:\/\/aeterrasave.net\/erasmus\/wp-json\/wp\/v2\/categories?post=5281"},{"taxonomy":"post_tag","embeddable":true,"href":"https:\/\/aeterrasave.net\/erasmus\/wp-json\/wp\/v2\/tags?post=5281"},{"taxonomy":"author","embeddable":true,"href":"https:\/\/aeterrasave.net\/erasmus\/wp-json\/wp\/v2\/coauthors?post=5281"}],"curies":[{"name":"wp","href":"https:\/\/api.w.org\/{rel}","templated":true}]}}