{"id":5561,"date":"2025-06-21T21:19:31","date_gmt":"2025-06-21T21:19:31","guid":{"rendered":"https:\/\/aeterrasave.net\/erasmus\/?p=5561"},"modified":"2025-06-21T21:19:31","modified_gmt":"2025-06-21T21:19:31","slug":"eco-leaders-arranca-na-estonia-com-energia-verde-e-espirito-colaborativo","status":"publish","type":"post","link":"https:\/\/aeterrasave.net\/erasmus\/eco-leaders-arranca-na-estonia-com-energia-verde-e-espirito-colaborativo\/","title":{"rendered":"Eco-Leaders arranca na Est\u00f3nia com energia verde e esp\u00edrito colaborativo"},"content":{"rendered":"\n<p>Entre os dias 18 e 20 de junho de 2025, decorreu em Tartu, na Est\u00f3nia, a reuni\u00e3o inicial do projeto Erasmus+ EcoLeaders, que junta parceiros de Portugal, Finl\u00e2ndia, Est\u00f3nia e Turquia numa miss\u00e3o comum: promover a lideran\u00e7a jovem com consci\u00eancia ecol\u00f3gica e pensamento cr\u00edtico.<\/p>\n\n\n\n<p>O encontro foi organizado pela Luunja Keskkool, parceira coordenadora do projeto, e contou com a presen\u00e7a de representantes de todas as organiza\u00e7\u00f5es envolvidas. Durante tr\u00eas dias de trabalho intenso, os parceiros definiram o plano de a\u00e7\u00e3o do projeto, distribu\u00edram responsabilidades, aprovaram os instrumentos de monitoriza\u00e7\u00e3o da qualidade e iniciaram a constru\u00e7\u00e3o dos primeiros produtos intelectuais.<\/p>\n\n\n\n<p>Al\u00e9m do trabalho de coordena\u00e7\u00e3o, houve tamb\u00e9m espa\u00e7o para atividades de partilha cultural e visitas locais que permitiram conhecer boas pr\u00e1ticas ambientais em contexto escolar e comunit\u00e1rio.<\/p>\n\n\n\n<p>O Agrupamento de Escolas Terras do Ave marcou presen\u00e7a ativa, refor\u00e7ando o seu compromisso com a educa\u00e7\u00e3o para a cidadania ecol\u00f3gica e a forma\u00e7\u00e3o de jovens l\u00edderes conscientes e participativos.<\/p>\n\n\n\n<figure class=\"wp-block-gallery has-nested-images columns-1 is-cropped wp-block-gallery-1 is-layout-flex wp-block-gallery-is-layout-flex\">\n<figure class=\"wp-block-image size-medium\"><img fetchpriority=\"high\" decoding=\"async\" width=\"837\" height=\"628\" data-id=\"5562\" src=\"https:\/\/aeterrasave.net\/erasmus\/wp-content\/uploads\/2025\/06\/reuniao-837x628.jpg\" alt=\"\" class=\"wp-image-5562\" srcset=\"https:\/\/aeterrasave.net\/erasmus\/wp-content\/uploads\/2025\/06\/reuniao-837x628.jpg 837w, https:\/\/aeterrasave.net\/erasmus\/wp-content\/uploads\/2025\/06\/reuniao-768x576.jpg 768w, https:\/\/aeterrasave.net\/erasmus\/wp-content\/uploads\/2025\/06\/reuniao-1536x1152.jpg 1536w, https:\/\/aeterrasave.net\/erasmus\/wp-content\/uploads\/2025\/06\/reuniao-533x400.jpg 533w, https:\/\/aeterrasave.net\/erasmus\/wp-content\/uploads\/2025\/06\/reuniao-1920x1440.jpg 1920w, https:\/\/aeterrasave.net\/erasmus\/wp-content\/uploads\/2025\/06\/reuniao-560x420.jpg 560w, https:\/\/aeterrasave.net\/erasmus\/wp-content\/uploads\/2025\/06\/reuniao.jpg 2048w\" sizes=\"(max-width: 837px) 100vw, 837px\" \/><\/figure>\n\n\n\n<figure class=\"wp-block-image size-medium\"><img decoding=\"async\" width=\"837\" height=\"628\" data-id=\"5563\" src=\"https:\/\/aeterrasave.net\/erasmus\/wp-content\/uploads\/2025\/06\/trab-837x628.jpg\" alt=\"\" class=\"wp-image-5563\" srcset=\"https:\/\/aeterrasave.net\/erasmus\/wp-content\/uploads\/2025\/06\/trab-837x628.jpg 837w, https:\/\/aeterrasave.net\/erasmus\/wp-content\/uploads\/2025\/06\/trab-768x576.jpg 768w, https:\/\/aeterrasave.net\/erasmus\/wp-content\/uploads\/2025\/06\/trab-1536x1152.jpg 1536w, https:\/\/aeterrasave.net\/erasmus\/wp-content\/uploads\/2025\/06\/trab-533x400.jpg 533w, https:\/\/aeterrasave.net\/erasmus\/wp-content\/uploads\/2025\/06\/trab-1920x1440.jpg 1920w, https:\/\/aeterrasave.net\/erasmus\/wp-content\/uploads\/2025\/06\/trab-560x420.jpg 560w, https:\/\/aeterrasave.net\/erasmus\/wp-content\/uploads\/2025\/06\/trab.jpg 2048w\" sizes=\"(max-width: 837px) 100vw, 837px\" \/><\/figure>\n<\/figure>\n","protected":false},"excerpt":{"rendered":"<p>Entre os dias 18 e 20 de junho de 2025, decorreu em Tartu, na Est\u00f3nia, a reuni\u00e3o inicial do projeto Erasmus+ EcoLeaders, que junta parceiros de Portugal, Finl\u00e2ndia, Est\u00f3nia e Turquia numa miss\u00e3o comum: promover a lideran\u00e7a jovem com consci\u00eancia ecol\u00f3gica e pensamento cr\u00edtico. O encontro foi organizado pela Luunja Keskkool, parceira coordenadora do projeto, [&hellip;]<\/p>\n","protected":false},"author":2,"featured_media":5562,"comment_status":"closed","ping_status":"closed","sticky":false,"template":"","format":"standard","meta":{"_eb_attr":"","footnotes":""},"categories":[136],"tags":[18,36],"coauthors":[46],"class_list":["post-5561","post","type-post","status-publish","format-standard","has-post-thumbnail","hentry","category-eco-leaders-empowering-teachers-for-a-sustainable-future","tag-erasmus","tag-mobilidade-externa"],"_links":{"self":[{"href":"https:\/\/aeterrasave.net\/erasmus\/wp-json\/wp\/v2\/posts\/5561","targetHints":{"allow":["GET"]}}],"collection":[{"href":"https:\/\/aeterrasave.net\/erasmus\/wp-json\/wp\/v2\/posts"}],"about":[{"href":"https:\/\/aeterrasave.net\/erasmus\/wp-json\/wp\/v2\/types\/post"}],"author":[{"embeddable":true,"href":"https:\/\/aeterrasave.net\/erasmus\/wp-json\/wp\/v2\/users\/2"}],"replies":[{"embeddable":true,"href":"https:\/\/aeterrasave.net\/erasmus\/wp-json\/wp\/v2\/comments?post=5561"}],"version-history":[{"count":1,"href":"https:\/\/aeterrasave.net\/erasmus\/wp-json\/wp\/v2\/posts\/5561\/revisions"}],"predecessor-version":[{"id":5564,"href":"https:\/\/aeterrasave.net\/erasmus\/wp-json\/wp\/v2\/posts\/5561\/revisions\/5564"}],"wp:featuredmedia":[{"embeddable":true,"href":"https:\/\/aeterrasave.net\/erasmus\/wp-json\/wp\/v2\/media\/5562"}],"wp:attachment":[{"href":"https:\/\/aeterrasave.net\/erasmus\/wp-json\/wp\/v2\/media?parent=5561"}],"wp:term":[{"taxonomy":"category","embeddable":true,"href":"https:\/\/aeterrasave.net\/erasmus\/wp-json\/wp\/v2\/categories?post=5561"},{"taxonomy":"post_tag","embeddable":true,"href":"https:\/\/aeterrasave.net\/erasmus\/wp-json\/wp\/v2\/tags?post=5561"},{"taxonomy":"author","embeddable":true,"href":"https:\/\/aeterrasave.net\/erasmus\/wp-json\/wp\/v2\/coauthors?post=5561"}],"curies":[{"name":"wp","href":"https:\/\/api.w.org\/{rel}","templated":true}]}}