{"id":5917,"date":"2025-11-10T13:57:15","date_gmt":"2025-11-10T13:57:15","guid":{"rendered":"https:\/\/aeterrasave.net\/erasmus\/?p=5917"},"modified":"2025-11-10T13:57:15","modified_gmt":"2025-11-10T13:57:15","slug":"finlandia-inspira-professores-do-agrupamento-de-escolas-terras-do-ave-em-praticas-sustentaveis-e-digitais","status":"publish","type":"post","link":"https:\/\/aeterrasave.net\/erasmus\/finlandia-inspira-professores-do-agrupamento-de-escolas-terras-do-ave-em-praticas-sustentaveis-e-digitais\/","title":{"rendered":"Finl\u00e2ndia inspira professores do Agrupamento de Escolas Terras do Ave em pr\u00e1ticas sustent\u00e1veis e digitais"},"content":{"rendered":"\n<p>Entre os dias 4 e 7 de novembro, quatro professores do Agrupamento de Escolas Terras do Ave participaram, em Hels\u00ednquia, numa atividade de forma\u00e7\u00e3o e coopera\u00e7\u00e3o internacional inserida no projeto <em>Ecoleaders<\/em>. Esta mobilidade reuniu parceiros de v\u00e1rios pa\u00edses europeus com o objetivo de promover a integra\u00e7\u00e3o das tem\u00e1ticas da sustentabilidade e da transi\u00e7\u00e3o digital na educa\u00e7\u00e3o.<\/p>\n\n\n\n<p>O programa incluiu sess\u00f5es de forma\u00e7\u00e3o e visitas a institui\u00e7\u00f5es de refer\u00eancia na \u00e1rea da inova\u00e7\u00e3o educativa. As atividades decorreram principalmente na Biblioteca Central Oodi, um espa\u00e7o p\u00fablico emblem\u00e1tico que combina cultura, tecnologia e cidadania ativa. Os participantes tiveram oportunidade de conhecer a abordagem finlandesa ao desenvolvimento sustent\u00e1vel e \u00e0 transforma\u00e7\u00e3o digital nas escolas, explorar ferramentas <em>edtech<\/em> voltadas para a educa\u00e7\u00e3o ambiental e participar em oficinas pr\u00e1ticas sobre gamifica\u00e7\u00e3o, compet\u00eancias digitais verdes e design curricular sustent\u00e1vel.<\/p>\n\n\n\n<p>Entre os momentos de destaque estiveram a interven\u00e7\u00e3o de Miika Pihkala, especialista em desenvolvimento de jogos educativos, e a forma\u00e7\u00e3o ministrada por Eva Wissenz, fundadora da Lytefire Oy, que abordou o tema \u201cFor a Solar and Solidarity Economy\u201d, centrando-se no impacto social e ambiental da energia solar. Os docentes participaram ainda em sess\u00f5es conduzidas por Marja-Liisa Helenius, diretora da organiza\u00e7\u00e3o <em>Learning for Integration and Ecolearning<\/em>, e por especialistas do Centro de Reciclagem de Hels\u00ednquia, dedicadas \u00e0 integra\u00e7\u00e3o de pr\u00e1ticas ecol\u00f3gicas no quotidiano escolar.<\/p>\n\n\n\n<p>A mobilidade integrou tamb\u00e9m visitas culturais \u00e0 cidade de Hels\u00ednquia e ao patrim\u00f3nio natural e hist\u00f3rico da regi\u00e3o, como o Museu da Cidade e a fortaleza mar\u00edtima de Suomenlinna, classificada como Patrim\u00f3nio Mundial pela UNESCO.<\/p>\n\n\n\n<p>Esta participa\u00e7\u00e3o refor\u00e7a o compromisso do Agrupamento de Escolas Terras do Ave com a inova\u00e7\u00e3o pedag\u00f3gica e com a forma\u00e7\u00e3o cont\u00ednua dos seus docentes, promovendo a aprendizagem colaborativa e a ado\u00e7\u00e3o de pr\u00e1ticas educativas que contribuem para um futuro mais sustent\u00e1vel e digitalmente competente.<\/p>\n\n\n\n<figure class=\"wp-block-gallery has-nested-images columns-2 is-cropped wp-block-gallery-1 is-layout-flex wp-block-gallery-is-layout-flex\">\n<figure class=\"wp-block-image size-large\"><img fetchpriority=\"high\" decoding=\"async\" width=\"837\" height=\"628\" data-id=\"5918\" src=\"https:\/\/aeterrasave.net\/erasmus\/wp-content\/uploads\/2025\/11\/biblio2-837x628.jpg\" alt=\"\" class=\"wp-image-5918\" srcset=\"https:\/\/aeterrasave.net\/erasmus\/wp-content\/uploads\/2025\/11\/biblio2-837x628.jpg 837w, https:\/\/aeterrasave.net\/erasmus\/wp-content\/uploads\/2025\/11\/biblio2-768x576.jpg 768w, https:\/\/aeterrasave.net\/erasmus\/wp-content\/uploads\/2025\/11\/biblio2-1536x1152.jpg 1536w, https:\/\/aeterrasave.net\/erasmus\/wp-content\/uploads\/2025\/11\/biblio2-533x400.jpg 533w, https:\/\/aeterrasave.net\/erasmus\/wp-content\/uploads\/2025\/11\/biblio2-560x420.jpg 560w, https:\/\/aeterrasave.net\/erasmus\/wp-content\/uploads\/2025\/11\/biblio2.jpg 1600w\" sizes=\"(max-width: 837px) 100vw, 837px\" \/><\/figure>\n\n\n\n<figure class=\"wp-block-image size-large\"><img decoding=\"async\" width=\"837\" height=\"628\" data-id=\"5921\" src=\"https:\/\/aeterrasave.net\/erasmus\/wp-content\/uploads\/2025\/11\/reuniao-837x628.jpg\" alt=\"\" class=\"wp-image-5921\" srcset=\"https:\/\/aeterrasave.net\/erasmus\/wp-content\/uploads\/2025\/11\/reuniao-837x628.jpg 837w, https:\/\/aeterrasave.net\/erasmus\/wp-content\/uploads\/2025\/11\/reuniao-768x576.jpg 768w, https:\/\/aeterrasave.net\/erasmus\/wp-content\/uploads\/2025\/11\/reuniao-1536x1152.jpg 1536w, https:\/\/aeterrasave.net\/erasmus\/wp-content\/uploads\/2025\/11\/reuniao-533x400.jpg 533w, https:\/\/aeterrasave.net\/erasmus\/wp-content\/uploads\/2025\/11\/reuniao-560x420.jpg 560w, https:\/\/aeterrasave.net\/erasmus\/wp-content\/uploads\/2025\/11\/reuniao.jpg 1600w\" sizes=\"(max-width: 837px) 100vw, 837px\" \/><\/figure>\n\n\n\n<figure class=\"wp-block-image size-large\"><img decoding=\"async\" width=\"473\" height=\"628\" data-id=\"5920\" src=\"https:\/\/aeterrasave.net\/erasmus\/wp-content\/uploads\/2025\/11\/Reuniao_biblio-473x628.jpeg\" alt=\"\" class=\"wp-image-5920\" srcset=\"https:\/\/aeterrasave.net\/erasmus\/wp-content\/uploads\/2025\/11\/Reuniao_biblio-473x628.jpeg 473w, https:\/\/aeterrasave.net\/erasmus\/wp-content\/uploads\/2025\/11\/Reuniao_biblio-768x1020.jpeg 768w, https:\/\/aeterrasave.net\/erasmus\/wp-content\/uploads\/2025\/11\/Reuniao_biblio-1157x1536.jpeg 1157w, https:\/\/aeterrasave.net\/erasmus\/wp-content\/uploads\/2025\/11\/Reuniao_biblio-301x400.jpeg 301w, https:\/\/aeterrasave.net\/erasmus\/wp-content\/uploads\/2025\/11\/Reuniao_biblio-1446x1920.jpeg 1446w, https:\/\/aeterrasave.net\/erasmus\/wp-content\/uploads\/2025\/11\/Reuniao_biblio-560x744.jpeg 560w, https:\/\/aeterrasave.net\/erasmus\/wp-content\/uploads\/2025\/11\/Reuniao_biblio.jpeg 1536w\" sizes=\"(max-width: 473px) 100vw, 473px\" \/><\/figure>\n\n\n\n<figure class=\"wp-block-image size-large\"><img loading=\"lazy\" decoding=\"async\" width=\"837\" height=\"628\" data-id=\"5919\" src=\"https:\/\/aeterrasave.net\/erasmus\/wp-content\/uploads\/2025\/11\/reuniao2-837x628.jpg\" alt=\"\" class=\"wp-image-5919\" srcset=\"https:\/\/aeterrasave.net\/erasmus\/wp-content\/uploads\/2025\/11\/reuniao2-837x628.jpg 837w, https:\/\/aeterrasave.net\/erasmus\/wp-content\/uploads\/2025\/11\/reuniao2-768x576.jpg 768w, https:\/\/aeterrasave.net\/erasmus\/wp-content\/uploads\/2025\/11\/reuniao2-1536x1152.jpg 1536w, https:\/\/aeterrasave.net\/erasmus\/wp-content\/uploads\/2025\/11\/reuniao2-533x400.jpg 533w, https:\/\/aeterrasave.net\/erasmus\/wp-content\/uploads\/2025\/11\/reuniao2-560x420.jpg 560w, https:\/\/aeterrasave.net\/erasmus\/wp-content\/uploads\/2025\/11\/reuniao2.jpg 1600w\" sizes=\"(max-width: 837px) 100vw, 837px\" \/><\/figure>\n<\/figure>\n","protected":false},"excerpt":{"rendered":"<p>Entre os dias 4 e 7 de novembro, quatro professores do Agrupamento de Escolas Terras do Ave participaram, em Hels\u00ednquia, numa atividade de forma\u00e7\u00e3o e coopera\u00e7\u00e3o internacional inserida no projeto Ecoleaders. Esta mobilidade reuniu parceiros de v\u00e1rios pa\u00edses europeus com o objetivo de promover a integra\u00e7\u00e3o das tem\u00e1ticas da sustentabilidade e da transi\u00e7\u00e3o digital na [&hellip;]<\/p>\n","protected":false},"author":2,"featured_media":5921,"comment_status":"closed","ping_status":"closed","sticky":false,"template":"","format":"standard","meta":{"_eb_attr":"","footnotes":""},"categories":[136],"tags":[18,152,36],"coauthors":[46],"class_list":["post-5917","post","type-post","status-publish","format-standard","has-post-thumbnail","hentry","category-eco-leaders-empowering-teachers-for-a-sustainable-future","tag-erasmus","tag-finlandia","tag-mobilidade-externa"],"_links":{"self":[{"href":"https:\/\/aeterrasave.net\/erasmus\/wp-json\/wp\/v2\/posts\/5917","targetHints":{"allow":["GET"]}}],"collection":[{"href":"https:\/\/aeterrasave.net\/erasmus\/wp-json\/wp\/v2\/posts"}],"about":[{"href":"https:\/\/aeterrasave.net\/erasmus\/wp-json\/wp\/v2\/types\/post"}],"author":[{"embeddable":true,"href":"https:\/\/aeterrasave.net\/erasmus\/wp-json\/wp\/v2\/users\/2"}],"replies":[{"embeddable":true,"href":"https:\/\/aeterrasave.net\/erasmus\/wp-json\/wp\/v2\/comments?post=5917"}],"version-history":[{"count":1,"href":"https:\/\/aeterrasave.net\/erasmus\/wp-json\/wp\/v2\/posts\/5917\/revisions"}],"predecessor-version":[{"id":5922,"href":"https:\/\/aeterrasave.net\/erasmus\/wp-json\/wp\/v2\/posts\/5917\/revisions\/5922"}],"wp:featuredmedia":[{"embeddable":true,"href":"https:\/\/aeterrasave.net\/erasmus\/wp-json\/wp\/v2\/media\/5921"}],"wp:attachment":[{"href":"https:\/\/aeterrasave.net\/erasmus\/wp-json\/wp\/v2\/media?parent=5917"}],"wp:term":[{"taxonomy":"category","embeddable":true,"href":"https:\/\/aeterrasave.net\/erasmus\/wp-json\/wp\/v2\/categories?post=5917"},{"taxonomy":"post_tag","embeddable":true,"href":"https:\/\/aeterrasave.net\/erasmus\/wp-json\/wp\/v2\/tags?post=5917"},{"taxonomy":"author","embeddable":true,"href":"https:\/\/aeterrasave.net\/erasmus\/wp-json\/wp\/v2\/coauthors?post=5917"}],"curies":[{"name":"wp","href":"https:\/\/api.w.org\/{rel}","templated":true}]}}