{"id":6058,"date":"2026-02-21T07:55:13","date_gmt":"2026-02-21T07:55:13","guid":{"rendered":"https:\/\/aeterrasave.net\/erasmus\/?p=6058"},"modified":"2026-02-21T07:55:14","modified_gmt":"2026-02-21T07:55:14","slug":"professoras-do-ae-terras-do-ave-realizam-formacao-erasmus-em-split-croacia","status":"publish","type":"post","link":"https:\/\/aeterrasave.net\/erasmus\/professoras-do-ae-terras-do-ave-realizam-formacao-erasmus-em-split-croacia\/","title":{"rendered":"Professoras do AE Terras do Ave realizam forma\u00e7\u00e3o Erasmus+ em Split, Cro\u00e1cia"},"content":{"rendered":"\n<p>As professoras Ana Isabel Carvalho e Helena Peixoto, do Agrupamento de Escolas Terras do Ave, participaram numa a\u00e7\u00e3o de forma\u00e7\u00e3o Erasmus+ intitulada \u201cThe Resilient Teacher: Mindfulness Tools for Teachers \u2013 Prevent Burnout and Foster Connection, Creativity and Well-being\u201d, que decorreu durante cinco dias em Split, na Cro\u00e1cia.Esta forma\u00e7\u00e3o teve como principal objetivo dotar os docentes de ferramentas pr\u00e1ticas de mindfulness e bem-estar, promovendo a preven\u00e7\u00e3o do burnout e o fortalecimento da liga\u00e7\u00e3o, da criatividade e do equil\u00edbrio emocional no contexto educativo.Ao longo da semana, as professoras participaram em diversas atividades pr\u00e1ticas, nomeadamente sess\u00f5es de yoga e exerc\u00edcios de relaxamento, t\u00e9cnicas de respira\u00e7\u00e3o consciente e estrat\u00e9gias de aten\u00e7\u00e3o plena. Estas pr\u00e1ticas permitiram explorar formas eficazes de gest\u00e3o do stress e de promo\u00e7\u00e3o do autocuidado, aspetos fundamentais para o bem-estar pessoal e profissional dos docentes.A forma\u00e7\u00e3o incluiu ainda a reflex\u00e3o e a partilha de estrat\u00e9gias para lidar com diferentes situa\u00e7\u00f5es em sala de aula, desde a gest\u00e3o de conflitos \u00e0 promo\u00e7\u00e3o de um ambiente mais emp\u00e1tico, colaborativo e positivo. Foram trabalhadas ferramentas que ajudam a refor\u00e7ar a comunica\u00e7\u00e3o, a resili\u00eancia e a capacidade de resposta perante desafios do quotidiano escolar.Esta experi\u00eancia revelou-se extremamente enriquecedora, permitindo \u00e0s docentes adquirir compet\u00eancias que contribuir\u00e3o para a promo\u00e7\u00e3o de um ambiente educativo mais equilibrado, consciente e humanizado.<\/p>\n\n\n\n<figure class=\"wp-block-gallery has-nested-images columns-default is-cropped wp-block-gallery-1 is-layout-flex wp-block-gallery-is-layout-flex\">\n<figure class=\"wp-block-image size-large\"><img fetchpriority=\"high\" decoding=\"async\" width=\"471\" height=\"628\" data-id=\"6070\" src=\"https:\/\/aeterrasave.net\/erasmus\/wp-content\/uploads\/2026\/02\/IMG_20260221_085544-471x628.jpg\" alt=\"\" class=\"wp-image-6070\" srcset=\"https:\/\/aeterrasave.net\/erasmus\/wp-content\/uploads\/2026\/02\/IMG_20260221_085544-471x628.jpg 471w, https:\/\/aeterrasave.net\/erasmus\/wp-content\/uploads\/2026\/02\/IMG_20260221_085544-768x1024.jpg 768w, https:\/\/aeterrasave.net\/erasmus\/wp-content\/uploads\/2026\/02\/IMG_20260221_085544-1152x1536.jpg 1152w, https:\/\/aeterrasave.net\/erasmus\/wp-content\/uploads\/2026\/02\/IMG_20260221_085544-1536x2048.jpg 1536w, https:\/\/aeterrasave.net\/erasmus\/wp-content\/uploads\/2026\/02\/IMG_20260221_085544-300x400.jpg 300w, https:\/\/aeterrasave.net\/erasmus\/wp-content\/uploads\/2026\/02\/IMG_20260221_085544-1440x1920.jpg 1440w, https:\/\/aeterrasave.net\/erasmus\/wp-content\/uploads\/2026\/02\/IMG_20260221_085544-560x747.jpg 560w, https:\/\/aeterrasave.net\/erasmus\/wp-content\/uploads\/2026\/02\/IMG_20260221_085544.jpg 1814w\" sizes=\"(max-width: 471px) 100vw, 471px\" \/><\/figure>\n<\/figure>\n\n\n\n<figure class=\"wp-block-gallery has-nested-images columns-default is-cropped wp-block-gallery-2 is-layout-flex wp-block-gallery-is-layout-flex\">\n<figure class=\"wp-block-image size-large\"><img decoding=\"async\" width=\"471\" height=\"628\" data-id=\"6069\" src=\"https:\/\/aeterrasave.net\/erasmus\/wp-content\/uploads\/2026\/02\/IMG-20260216-WA0003-471x628.jpg\" alt=\"\" class=\"wp-image-6069\" srcset=\"https:\/\/aeterrasave.net\/erasmus\/wp-content\/uploads\/2026\/02\/IMG-20260216-WA0003-471x628.jpg 471w, https:\/\/aeterrasave.net\/erasmus\/wp-content\/uploads\/2026\/02\/IMG-20260216-WA0003-768x1024.jpg 768w, https:\/\/aeterrasave.net\/erasmus\/wp-content\/uploads\/2026\/02\/IMG-20260216-WA0003-1152x1536.jpg 1152w, https:\/\/aeterrasave.net\/erasmus\/wp-content\/uploads\/2026\/02\/IMG-20260216-WA0003-300x400.jpg 300w, https:\/\/aeterrasave.net\/erasmus\/wp-content\/uploads\/2026\/02\/IMG-20260216-WA0003-560x747.jpg 560w, https:\/\/aeterrasave.net\/erasmus\/wp-content\/uploads\/2026\/02\/IMG-20260216-WA0003.jpg 1200w\" sizes=\"(max-width: 471px) 100vw, 471px\" \/><\/figure>\n\n\n\n<figure class=\"wp-block-image size-large\"><img decoding=\"async\" width=\"471\" height=\"628\" data-id=\"6060\" src=\"https:\/\/aeterrasave.net\/erasmus\/wp-content\/uploads\/2026\/02\/IMG-20260220-WA0082-471x628.jpg\" alt=\"\" class=\"wp-image-6060\" srcset=\"https:\/\/aeterrasave.net\/erasmus\/wp-content\/uploads\/2026\/02\/IMG-20260220-WA0082-471x628.jpg 471w, https:\/\/aeterrasave.net\/erasmus\/wp-content\/uploads\/2026\/02\/IMG-20260220-WA0082-768x1024.jpg 768w, https:\/\/aeterrasave.net\/erasmus\/wp-content\/uploads\/2026\/02\/IMG-20260220-WA0082-1152x1536.jpg 1152w, https:\/\/aeterrasave.net\/erasmus\/wp-content\/uploads\/2026\/02\/IMG-20260220-WA0082-1536x2048.jpg 1536w, https:\/\/aeterrasave.net\/erasmus\/wp-content\/uploads\/2026\/02\/IMG-20260220-WA0082-300x400.jpg 300w, https:\/\/aeterrasave.net\/erasmus\/wp-content\/uploads\/2026\/02\/IMG-20260220-WA0082-1440x1920.jpg 1440w, https:\/\/aeterrasave.net\/erasmus\/wp-content\/uploads\/2026\/02\/IMG-20260220-WA0082-560x747.jpg 560w, https:\/\/aeterrasave.net\/erasmus\/wp-content\/uploads\/2026\/02\/IMG-20260220-WA0082-scaled.jpg 1920w\" sizes=\"(max-width: 471px) 100vw, 471px\" \/><\/figure>\n<\/figure>\n","protected":false},"excerpt":{"rendered":"<p>As professoras Ana Isabel Carvalho e Helena Peixoto, do Agrupamento de Escolas Terras do Ave, participaram numa a\u00e7\u00e3o de forma\u00e7\u00e3o Erasmus+ intitulada \u201cThe Resilient Teacher: Mindfulness Tools for Teachers \u2013 Prevent Burnout and Foster Connection, Creativity and Well-being\u201d, que decorreu durante cinco dias em Split, na Cro\u00e1cia.Esta forma\u00e7\u00e3o teve como principal objetivo dotar os docentes [&hellip;]<\/p>\n","protected":false},"author":2,"featured_media":6070,"comment_status":"closed","ping_status":"closed","sticky":false,"template":"","format":"standard","meta":{"_eb_attr":"","footnotes":""},"categories":[30,151],"tags":[159,18,75,36],"coauthors":[46],"class_list":["post-6058","post","type-post","status-publish","format-standard","has-post-thumbnail","hentry","category-erasmus-2021-2027","category-mobilidades-staff-ka1-2025-2026","tag-croacia","tag-erasmus","tag-ka121","tag-mobilidade-externa"],"_links":{"self":[{"href":"https:\/\/aeterrasave.net\/erasmus\/wp-json\/wp\/v2\/posts\/6058","targetHints":{"allow":["GET"]}}],"collection":[{"href":"https:\/\/aeterrasave.net\/erasmus\/wp-json\/wp\/v2\/posts"}],"about":[{"href":"https:\/\/aeterrasave.net\/erasmus\/wp-json\/wp\/v2\/types\/post"}],"author":[{"embeddable":true,"href":"https:\/\/aeterrasave.net\/erasmus\/wp-json\/wp\/v2\/users\/2"}],"replies":[{"embeddable":true,"href":"https:\/\/aeterrasave.net\/erasmus\/wp-json\/wp\/v2\/comments?post=6058"}],"version-history":[{"count":1,"href":"https:\/\/aeterrasave.net\/erasmus\/wp-json\/wp\/v2\/posts\/6058\/revisions"}],"predecessor-version":[{"id":6071,"href":"https:\/\/aeterrasave.net\/erasmus\/wp-json\/wp\/v2\/posts\/6058\/revisions\/6071"}],"wp:featuredmedia":[{"embeddable":true,"href":"https:\/\/aeterrasave.net\/erasmus\/wp-json\/wp\/v2\/media\/6070"}],"wp:attachment":[{"href":"https:\/\/aeterrasave.net\/erasmus\/wp-json\/wp\/v2\/media?parent=6058"}],"wp:term":[{"taxonomy":"category","embeddable":true,"href":"https:\/\/aeterrasave.net\/erasmus\/wp-json\/wp\/v2\/categories?post=6058"},{"taxonomy":"post_tag","embeddable":true,"href":"https:\/\/aeterrasave.net\/erasmus\/wp-json\/wp\/v2\/tags?post=6058"},{"taxonomy":"author","embeddable":true,"href":"https:\/\/aeterrasave.net\/erasmus\/wp-json\/wp\/v2\/coauthors?post=6058"}],"curies":[{"name":"wp","href":"https:\/\/api.w.org\/{rel}","templated":true}]}}