{"id":657,"date":"2021-01-14T11:16:28","date_gmt":"2021-01-14T11:16:28","guid":{"rendered":"https:\/\/aeterrasave.net\/erasmus\/?p=657"},"modified":"2021-01-14T11:16:28","modified_gmt":"2021-01-14T11:16:28","slug":"1-o-encontro-de-coordenadores-7","status":"publish","type":"post","link":"https:\/\/aeterrasave.net\/erasmus\/1-o-encontro-de-coordenadores-7\/","title":{"rendered":"1.\u00ba Encontro de coordenadores"},"content":{"rendered":"<p>No dia 14 de janeiro de 2021, decorreu o primeiro encontro de coordenadores do projeto Erasmus+ LE.IT.M.O.T.I.V., um projeto que pretende integrar a m\u00fasica no contexto escolar, atrav\u00e9s da parceria entre escolas da Rom\u00e1nia (pa\u00eds coordenador), Finl\u00e2ndia, Portugal e Turquia.<\/p>\n<p>Neste primeiro encontro de coordenadores de projeto, foram partilhadas as formas de funcionamento das institui\u00e7\u00f5es de ensino em contexto de pandemia, com realidades bem diversas, desde registo de ensino a dist\u00e2ncia, regime misto ou regime presencial.<\/p>\n<p>Definiram-se, ainda, formas de trabalho a dist\u00e2ncia, ficando a vontade de iniciar as mobilidades quando a situa\u00e7\u00e3o pand\u00e9mica o permitir.<\/p>\n<p><img fetchpriority=\"high\" decoding=\"async\" class=\"alignnone size-medium wp-image-658\" src=\"https:\/\/aeterrasave.net\/erasmus\/wp-content\/uploads\/2021\/01\/LE.IT_.M.O.T.I.V.-400x163.jpg\" alt=\"\" width=\"400\" height=\"163\" srcset=\"https:\/\/aeterrasave.net\/erasmus\/wp-content\/uploads\/2021\/01\/LE.IT_.M.O.T.I.V.-400x163.jpg 400w, https:\/\/aeterrasave.net\/erasmus\/wp-content\/uploads\/2021\/01\/LE.IT_.M.O.T.I.V.-1024x417.jpg 1024w, https:\/\/aeterrasave.net\/erasmus\/wp-content\/uploads\/2021\/01\/LE.IT_.M.O.T.I.V.-768x312.jpg 768w, https:\/\/aeterrasave.net\/erasmus\/wp-content\/uploads\/2021\/01\/LE.IT_.M.O.T.I.V.-1536x625.jpg 1536w, https:\/\/aeterrasave.net\/erasmus\/wp-content\/uploads\/2021\/01\/LE.IT_.M.O.T.I.V.-2048x833.jpg 2048w, https:\/\/aeterrasave.net\/erasmus\/wp-content\/uploads\/2021\/01\/LE.IT_.M.O.T.I.V.-600x244.jpg 600w, https:\/\/aeterrasave.net\/erasmus\/wp-content\/uploads\/2021\/01\/LE.IT_.M.O.T.I.V.-1920x781.jpg 1920w, https:\/\/aeterrasave.net\/erasmus\/wp-content\/uploads\/2021\/01\/LE.IT_.M.O.T.I.V.-560x228.jpg 560w\" sizes=\"(max-width: 400px) 100vw, 400px\" \/><\/p>\n","protected":false},"excerpt":{"rendered":"<p>No dia 14 de janeiro de 2021, decorreu o primeiro encontro de coordenadores do projeto Erasmus+ LE.IT.M.O.T.I.V., um projeto que pretende integrar a m\u00fasica no contexto escolar, atrav\u00e9s da parceria entre escolas da Rom\u00e1nia (pa\u00eds coordenador), Finl\u00e2ndia, Portugal e Turquia. Neste primeiro encontro de coordenadores de projeto, foram partilhadas as formas de funcionamento das institui\u00e7\u00f5es [&hellip;]<\/p>\n","protected":false},"author":8,"featured_media":658,"comment_status":"closed","ping_status":"closed","sticky":false,"template":"","format":"standard","meta":{"_eb_attr":"","footnotes":""},"categories":[6],"tags":[18,29],"coauthors":[],"class_list":["post-657","post","type-post","status-publish","format-standard","has-post-thumbnail","hentry","category-le-it-m-o-t-i-v","tag-erasmus","tag-le-it-m-o-t-i-v"],"_links":{"self":[{"href":"https:\/\/aeterrasave.net\/erasmus\/wp-json\/wp\/v2\/posts\/657","targetHints":{"allow":["GET"]}}],"collection":[{"href":"https:\/\/aeterrasave.net\/erasmus\/wp-json\/wp\/v2\/posts"}],"about":[{"href":"https:\/\/aeterrasave.net\/erasmus\/wp-json\/wp\/v2\/types\/post"}],"author":[{"embeddable":true,"href":"https:\/\/aeterrasave.net\/erasmus\/wp-json\/wp\/v2\/users\/8"}],"replies":[{"embeddable":true,"href":"https:\/\/aeterrasave.net\/erasmus\/wp-json\/wp\/v2\/comments?post=657"}],"version-history":[{"count":1,"href":"https:\/\/aeterrasave.net\/erasmus\/wp-json\/wp\/v2\/posts\/657\/revisions"}],"predecessor-version":[{"id":659,"href":"https:\/\/aeterrasave.net\/erasmus\/wp-json\/wp\/v2\/posts\/657\/revisions\/659"}],"wp:featuredmedia":[{"embeddable":true,"href":"https:\/\/aeterrasave.net\/erasmus\/wp-json\/wp\/v2\/media\/658"}],"wp:attachment":[{"href":"https:\/\/aeterrasave.net\/erasmus\/wp-json\/wp\/v2\/media?parent=657"}],"wp:term":[{"taxonomy":"category","embeddable":true,"href":"https:\/\/aeterrasave.net\/erasmus\/wp-json\/wp\/v2\/categories?post=657"},{"taxonomy":"post_tag","embeddable":true,"href":"https:\/\/aeterrasave.net\/erasmus\/wp-json\/wp\/v2\/tags?post=657"},{"taxonomy":"author","embeddable":true,"href":"https:\/\/aeterrasave.net\/erasmus\/wp-json\/wp\/v2\/coauthors?post=657"}],"curies":[{"name":"wp","href":"https:\/\/api.w.org\/{rel}","templated":true}]}}