{"id":7032,"date":"2026-08-30T21:52:00","date_gmt":"2026-08-30T21:52:00","guid":{"rendered":"https:\/\/aeterrasave.net\/erasmus\/storytelling-para-a-inclusao-dia-1\/"},"modified":"2026-08-30T21:52:00","modified_gmt":"2026-08-30T21:52:00","slug":"storytelling-para-a-inclusao-dia-1","status":"publish","type":"post","link":"https:\/\/aeterrasave.net\/erasmus\/storytelling-para-a-inclusao-dia-1\/","title":{"rendered":"Storytelling para a inclus\u00e3o \u2013 Dia 1"},"content":{"rendered":"<p><a href=\"https:\/\/cejuntos.eu\/2026\/08\/30\/storytelling-para-a-inclusao\/\"><img fetchpriority=\"high\" decoding=\"async\" width=\"560\" height=\"747\" src=\"https:\/\/cejuntos.eu\/wp-content\/uploads\/2026\/08\/IMG-20260830-WA0014-2-560x747.jpg\" alt=\"Storytelling para a inclus\u00e3o \u2013 Dia 1\" align=\"left\" \/><\/a><\/p>\n<p class=\"wp-block-paragraph\">Pisa, 30 de agosto de 2026<br \/>O projeto \u201cConstruindo uma Europa para Todos\u201d, uma iniciativa integrada no projeto DiscoverEU Inclus\u00e3o, que re\u00fane cinco alunos e duas professoras do Agrupamento de Escolas Terra do Ave, teve inicio hoje na cidade de Pisa, It\u00e1lia.<br \/>Ser\u00e1 uma experi\u00eancia que permite\u00a0olhar para a Europa de outra forma com a inclus\u00e3o como um dos principais eixos do projeto. Os participantes ter\u00e3o a oportunidade de observar diferentes realidades e refletir sobre as barreiras que ainda existem no quotidiano de muitas pessoas.<br \/>Durante o percurso de hoje, um dos momentos que mais marcou o grupo aconteceu junto \u00e0 entrada de uma universidade. Um simples gesto relacionado com o acesso ao espa\u00e7o revelou-se de grande impacto para quem enfrenta diariamente dificuldades de mobilidade. A situa\u00e7\u00e3o levou os jovens a perceber que aquilo que pode parecer um pequeno detalhe para uns pode representar uma diferen\u00e7a enorme na autonomia, dignidade e participa\u00e7\u00e3o de outros.<\/p>\n<figure class=\"wp-block-image size-large\"><img decoding=\"async\" width=\"560\" src=\"https:\/\/cejuntos.eu\/wp-content\/uploads\/2026\/08\/IMG-20260830-WA0014-1-560x747.jpg\" alt=\"\" class=\"wp-image-1189\" \/><\/figure>\n<figure class=\"wp-block-image size-large\"><img decoding=\"async\" width=\"1024\" src=\"https:\/\/cejuntos.eu\/wp-content\/uploads\/2026\/08\/IMG-20260830-WA0023-1024x462.jpg\" alt=\"\" class=\"wp-image-1194\" \/><\/figure>\n<figure class=\"wp-block-image size-large\"><img decoding=\"async\" width=\"560\" src=\"https:\/\/cejuntos.eu\/wp-content\/uploads\/2026\/08\/IMG-20260831-WA0035-560x995.jpg\" alt=\"\" class=\"wp-image-1195\" \/><\/figure>\n<p class=\"wp-block-paragraph\">\n<\/p>","protected":false},"excerpt":{"rendered":"<p>Pisa, 30 de agosto de 2026O projeto \u201cConstruindo uma Europa para Todos\u201d, uma iniciativa integrada no projeto DiscoverEU Inclus\u00e3o, que re\u00fane cinco alunos e duas professoras do Agrupamento de Escolas Terra do Ave, teve inicio hoje na cidade de Pisa, It\u00e1lia.Ser\u00e1 uma experi\u00eancia que permite\u00a0olhar para a Europa de outra forma com a inclus\u00e3o como [&hellip;]<\/p>\n","protected":false},"author":1,"featured_media":7033,"comment_status":"closed","ping_status":"closed","sticky":false,"template":"","format":"standard","meta":{"_eb_attr":"","footnotes":""},"categories":[165],"tags":[],"coauthors":[54],"class_list":["post-7032","post","type-post","status-publish","format-standard","has-post-thumbnail","hentry","category-construindo-a-europa-juntos"],"_links":{"self":[{"href":"https:\/\/aeterrasave.net\/erasmus\/wp-json\/wp\/v2\/posts\/7032","targetHints":{"allow":["GET"]}}],"collection":[{"href":"https:\/\/aeterrasave.net\/erasmus\/wp-json\/wp\/v2\/posts"}],"about":[{"href":"https:\/\/aeterrasave.net\/erasmus\/wp-json\/wp\/v2\/types\/post"}],"author":[{"embeddable":true,"href":"https:\/\/aeterrasave.net\/erasmus\/wp-json\/wp\/v2\/users\/1"}],"replies":[{"embeddable":true,"href":"https:\/\/aeterrasave.net\/erasmus\/wp-json\/wp\/v2\/comments?post=7032"}],"version-history":[{"count":0,"href":"https:\/\/aeterrasave.net\/erasmus\/wp-json\/wp\/v2\/posts\/7032\/revisions"}],"wp:featuredmedia":[{"embeddable":true,"href":"https:\/\/aeterrasave.net\/erasmus\/wp-json\/wp\/v2\/media\/7033"}],"wp:attachment":[{"href":"https:\/\/aeterrasave.net\/erasmus\/wp-json\/wp\/v2\/media?parent=7032"}],"wp:term":[{"taxonomy":"category","embeddable":true,"href":"https:\/\/aeterrasave.net\/erasmus\/wp-json\/wp\/v2\/categories?post=7032"},{"taxonomy":"post_tag","embeddable":true,"href":"https:\/\/aeterrasave.net\/erasmus\/wp-json\/wp\/v2\/tags?post=7032"},{"taxonomy":"author","embeddable":true,"href":"https:\/\/aeterrasave.net\/erasmus\/wp-json\/wp\/v2\/coauthors?post=7032"}],"curies":[{"name":"wp","href":"https:\/\/api.w.org\/{rel}","templated":true}]}}