{"id":7034,"date":"2026-08-30T19:14:18","date_gmt":"2026-08-30T19:14:18","guid":{"rendered":"https:\/\/aeterrasave.net\/erasmus\/rumo-a-uma-europa-mais-sustentavel-comecou-em-pisa-o-projeto-construindo-a-europa-juntos\/"},"modified":"2026-08-30T19:14:18","modified_gmt":"2026-08-30T19:14:18","slug":"rumo-a-uma-europa-mais-sustentavel-comecou-em-pisa-o-projeto-construindo-a-europa-juntos","status":"publish","type":"post","link":"https:\/\/aeterrasave.net\/erasmus\/rumo-a-uma-europa-mais-sustentavel-comecou-em-pisa-o-projeto-construindo-a-europa-juntos\/","title":{"rendered":"Rumo a uma Europa mais sustent\u00e1vel: come\u00e7ou em Pisa o projeto \u201cConstruindo a Europa Juntos\u201d"},"content":{"rendered":"<p class=\"wp-block-paragraph\">\u201cConstruindo a Europa Juntos\u201d: come\u00e7a em Pisa uma experi\u00eancia de sustentabilidade e autonomia<\/p>\n<p class=\"wp-block-paragraph\">Pisa, 30 de agosto de 2026 \u2014 Come\u00e7ou hoje, em Pisa, It\u00e1lia, o projeto \u201cConstruindo a Europa Juntos\u201d, uma iniciativa integrada no projeto DiscoverEU Inclus\u00e3o \u2013 2026-1-PT02-KA155-YOU-000393914, que re\u00fane cinco alunos e duas professoras do Agrupamento de Escolas Terra do Ave numa experi\u00eancia europeia de nove dias.<\/p>\n<p class=\"wp-block-paragraph\">A chegada a Pisa marcou o in\u00edcio de uma aventura que pretende ir muito al\u00e9m da descoberta de um novo pa\u00eds. Ao longo dos pr\u00f3ximos nove dias, os jovens ser\u00e3o desafiados a desenvolver a sua autonomia, responsabilidade e capacidade de tomada de decis\u00e3o, assumindo um papel ativo na organiza\u00e7\u00e3o e concretiza\u00e7\u00e3o das diferentes etapas da mobilidade.<\/p>\n<p class=\"wp-block-paragraph\">Com a sustentabilidade como um dos principais eixos do projeto, os participantes ter\u00e3o oportunidade de refletir sobre a import\u00e2ncia de adotar comportamentos mais conscientes e respons\u00e1veis, nomeadamente nas desloca\u00e7\u00f5es, na utiliza\u00e7\u00e3o dos recursos e na rela\u00e7\u00e3o com os espa\u00e7os e comunidades que visitam.<\/p>\n<p class=\"wp-block-paragraph\">A iniciativa pretende tamb\u00e9m promover os valores europeus, o conhecimento intercultural e a participa\u00e7\u00e3o ativa dos jovens, proporcionando-lhes contacto direto com diferentes realidades e incentivando-os a aprender atrav\u00e9s da experi\u00eancia.<\/p>\n<p class=\"wp-block-paragraph\">Durante estes nove dias, os cinco alunos ter\u00e3o, assim, a oportunidade de viajar, descobrir, colaborar, resolver desafios e tomar decis\u00f5es, desenvolvendo compet\u00eancias que ultrapassam o contexto escolar e que ser\u00e3o importantes para a sua vida pessoal e futura participa\u00e7\u00e3o enquanto cidad\u00e3os europeus.<\/p>\n<p class=\"wp-block-paragraph\">O primeiro dia fica marcado pela chegada a Pisa e pelo entusiasmo de iniciar esta experi\u00eancia. Seguem-se oito dias de descoberta, aprendizagem e partilha, num percurso em que construir a Europa juntos significa tamb\u00e9m aprender a ser mais aut\u00f3nomo, respons\u00e1vel e sustent\u00e1vel.<\/p>\n<p class=\"wp-block-paragraph\">A viagem come\u00e7ou. Agora come\u00e7a tamb\u00e9m o desafio de descobrir uma Europa mais sustent\u00e1vel, inclusiva e constru\u00edda pelos jovens.<\/p>\n<figure class=\"wp-block-gallery has-nested-images columns-default is-cropped wp-block-gallery-2 is-layout-flex wp-block-gallery-is-layout-flex\">\n<figure class=\"wp-block-image size-large\"><img decoding=\"async\" loading=\"lazy\" width=\"560\" data-id=\"1181\" src=\"https:\/\/cejuntos.eu\/wp-content\/uploads\/2026\/08\/11274-560x420.jpg\" alt=\"\" class=\"wp-image-1181\" \/><\/figure>\n<\/figure>","protected":false},"excerpt":{"rendered":"<p>\u201cConstruindo a Europa Juntos\u201d: come\u00e7a em Pisa uma experi\u00eancia de sustentabilidade e autonomia Pisa, 30 de agosto de 2026 \u2014 Come\u00e7ou hoje, em Pisa, It\u00e1lia, o projeto \u201cConstruindo a Europa Juntos\u201d, uma iniciativa integrada no projeto DiscoverEU Inclus\u00e3o \u2013 2026-1-PT02-KA155-YOU-000393914, que re\u00fane cinco alunos e duas professoras do Agrupamento de Escolas Terra do Ave numa [&hellip;]<\/p>\n","protected":false},"author":1,"featured_media":7035,"comment_status":"closed","ping_status":"closed","sticky":false,"template":"","format":"standard","meta":{"_eb_attr":"","footnotes":""},"categories":[165],"tags":[],"coauthors":[54],"class_list":["post-7034","post","type-post","status-publish","format-standard","has-post-thumbnail","hentry","category-construindo-a-europa-juntos"],"_links":{"self":[{"href":"https:\/\/aeterrasave.net\/erasmus\/wp-json\/wp\/v2\/posts\/7034","targetHints":{"allow":["GET"]}}],"collection":[{"href":"https:\/\/aeterrasave.net\/erasmus\/wp-json\/wp\/v2\/posts"}],"about":[{"href":"https:\/\/aeterrasave.net\/erasmus\/wp-json\/wp\/v2\/types\/post"}],"author":[{"embeddable":true,"href":"https:\/\/aeterrasave.net\/erasmus\/wp-json\/wp\/v2\/users\/1"}],"replies":[{"embeddable":true,"href":"https:\/\/aeterrasave.net\/erasmus\/wp-json\/wp\/v2\/comments?post=7034"}],"version-history":[{"count":0,"href":"https:\/\/aeterrasave.net\/erasmus\/wp-json\/wp\/v2\/posts\/7034\/revisions"}],"wp:featuredmedia":[{"embeddable":true,"href":"https:\/\/aeterrasave.net\/erasmus\/wp-json\/wp\/v2\/media\/7035"}],"wp:attachment":[{"href":"https:\/\/aeterrasave.net\/erasmus\/wp-json\/wp\/v2\/media?parent=7034"}],"wp:term":[{"taxonomy":"category","embeddable":true,"href":"https:\/\/aeterrasave.net\/erasmus\/wp-json\/wp\/v2\/categories?post=7034"},{"taxonomy":"post_tag","embeddable":true,"href":"https:\/\/aeterrasave.net\/erasmus\/wp-json\/wp\/v2\/tags?post=7034"},{"taxonomy":"author","embeddable":true,"href":"https:\/\/aeterrasave.net\/erasmus\/wp-json\/wp\/v2\/coauthors?post=7034"}],"curies":[{"name":"wp","href":"https:\/\/api.w.org\/{rel}","templated":true}]}}