{"id":7040,"date":"2026-08-31T22:30:22","date_gmt":"2026-08-31T22:30:22","guid":{"rendered":"https:\/\/aeterrasave.net\/erasmus\/cinque-terre-o-caminho-para-a-inclusao\/"},"modified":"2026-08-31T22:30:22","modified_gmt":"2026-08-31T22:30:22","slug":"cinque-terre-o-caminho-para-a-inclusao","status":"publish","type":"post","link":"https:\/\/aeterrasave.net\/erasmus\/cinque-terre-o-caminho-para-a-inclusao\/","title":{"rendered":"Cinque Terre: o caminho para a inclus\u00e3o"},"content":{"rendered":"<p class=\"wp-block-paragraph\">Dia 2 <\/p>\n<p class=\"wp-block-paragraph\">  Cinque Terre, 31 de agosto de 2026No segundo dia da nossa viagem tivemos a oportunidade de conhecer cinco das localidades mais emblem\u00e1ticas da regi\u00e3o: Riomaggiore, Manarola, Corniglia, Vernazza e Monterosso al mare. Mais do que conhecer as paisagens e o patrim\u00f3nio destas localidades, a experi\u00eancia levou-nos a refletir sobre uma quest\u00e3o que est\u00e1 presente em v\u00e1rios contextos da sociedade: os direitos humanos. <\/p>\n<p class=\"wp-block-paragraph\">  O principal aspeto que nos levou a refletir sobre este tema foi o cartaz da Amnistia Internacional (\u201cDonna, Vita, Libert\u00e0\u201d) no trilho Via Dell\u2019Amore. Com esta manifesta\u00e7\u00e3o art\u00edstica, debateu-se a import\u00e2ncia de eliminar barreiras f\u00edsicas, socioecon\u00f3micas e culturais. Inspirado nos valores de igualdade defendidos pela Amnistia Internacional, trabalhou-se o conceito de inclus\u00e3o global como um direito humano fundamental.<\/p>\n<p class=\"wp-block-paragraph\">  Para al\u00e9m disso, nestas cinco vilas observou-se a coexist\u00eancia de diferentes culturas num ambiente inclusivo e pac\u00edfico. <\/p>\n<figure class=\"wp-block-image size-large\"><img decoding=\"async\" width=\"462\" src=\"https:\/\/cejuntos.eu\/wp-content\/uploads\/2026\/08\/IMG20260831160932-462x1024.jpg\" alt=\"\" class=\"wp-image-1223\" \/><\/figure>\n<figure class=\"wp-block-image size-large\"><img decoding=\"async\" loading=\"lazy\" width=\"462\" src=\"https:\/\/cejuntos.eu\/wp-content\/uploads\/2026\/08\/IMG20260831160924-462x1024.jpg\" alt=\"\" class=\"wp-image-1225\" \/><\/figure>\n<figure class=\"wp-block-image size-large\"><img decoding=\"async\" loading=\"lazy\" width=\"560\" src=\"https:\/\/cejuntos.eu\/wp-content\/uploads\/2026\/08\/IMG-20260831-WA0057-560x314.jpg\" alt=\"\" class=\"wp-image-1222\" \/><\/figure>","protected":false},"excerpt":{"rendered":"<p>Dia 2 Cinque Terre, 31 de agosto de 2026No segundo dia da nossa viagem tivemos a oportunidade de conhecer cinco das localidades mais emblem\u00e1ticas da regi\u00e3o: Riomaggiore, Manarola, Corniglia, Vernazza e Monterosso al mare. Mais do que conhecer as paisagens e o patrim\u00f3nio destas localidades, a experi\u00eancia levou-nos a refletir sobre uma quest\u00e3o que est\u00e1 [&hellip;]<\/p>\n","protected":false},"author":1,"featured_media":7041,"comment_status":"closed","ping_status":"closed","sticky":false,"template":"","format":"standard","meta":{"_eb_attr":"","footnotes":""},"categories":[165],"tags":[],"coauthors":[54],"class_list":["post-7040","post","type-post","status-publish","format-standard","has-post-thumbnail","hentry","category-construindo-a-europa-juntos"],"_links":{"self":[{"href":"https:\/\/aeterrasave.net\/erasmus\/wp-json\/wp\/v2\/posts\/7040","targetHints":{"allow":["GET"]}}],"collection":[{"href":"https:\/\/aeterrasave.net\/erasmus\/wp-json\/wp\/v2\/posts"}],"about":[{"href":"https:\/\/aeterrasave.net\/erasmus\/wp-json\/wp\/v2\/types\/post"}],"author":[{"embeddable":true,"href":"https:\/\/aeterrasave.net\/erasmus\/wp-json\/wp\/v2\/users\/1"}],"replies":[{"embeddable":true,"href":"https:\/\/aeterrasave.net\/erasmus\/wp-json\/wp\/v2\/comments?post=7040"}],"version-history":[{"count":0,"href":"https:\/\/aeterrasave.net\/erasmus\/wp-json\/wp\/v2\/posts\/7040\/revisions"}],"wp:featuredmedia":[{"embeddable":true,"href":"https:\/\/aeterrasave.net\/erasmus\/wp-json\/wp\/v2\/media\/7041"}],"wp:attachment":[{"href":"https:\/\/aeterrasave.net\/erasmus\/wp-json\/wp\/v2\/media?parent=7040"}],"wp:term":[{"taxonomy":"category","embeddable":true,"href":"https:\/\/aeterrasave.net\/erasmus\/wp-json\/wp\/v2\/categories?post=7040"},{"taxonomy":"post_tag","embeddable":true,"href":"https:\/\/aeterrasave.net\/erasmus\/wp-json\/wp\/v2\/tags?post=7040"},{"taxonomy":"author","embeddable":true,"href":"https:\/\/aeterrasave.net\/erasmus\/wp-json\/wp\/v2\/coauthors?post=7040"}],"curies":[{"name":"wp","href":"https:\/\/api.w.org\/{rel}","templated":true}]}}