{"id":7044,"date":"2026-09-01T23:46:04","date_gmt":"2026-09-01T23:46:04","guid":{"rendered":"https:\/\/aeterrasave.net\/erasmus\/juventude-pela-sustentabilidade-dia-3-descobrir-florenca-a-pe\/"},"modified":"2026-09-01T23:46:04","modified_gmt":"2026-09-01T23:46:04","slug":"juventude-pela-sustentabilidade-dia-3-descobrir-florenca-a-pe","status":"publish","type":"post","link":"https:\/\/aeterrasave.net\/erasmus\/juventude-pela-sustentabilidade-dia-3-descobrir-florenca-a-pe\/","title":{"rendered":"Juventude pela Sustentabilidade | Dia 3 \u2013 Descobrir Floren\u00e7a a p\u00e9"},"content":{"rendered":"<p class=\"wp-block-paragraph\">Terceiro dia do projeto: descobrir Floren\u00e7a a p\u00e9, com sustentabilidade e cidadania europeia.<\/p>\n<p class=\"wp-block-paragraph\">No \u00e2mbito do projeto DiscoverEU Inclus\u00e3o \u201cConstruindo a Europa Juntos\u201d, os cinco jovens participantes prosseguiram a sua experi\u00eancia de aprendizagem, descoberta e cidadania europeia, chegando \u00e0 cidade de Floren\u00e7a.<\/p>\n<p class=\"wp-block-paragraph\">Neste terceiro dia do projeto, a preocupa\u00e7\u00e3o com a pegada ecol\u00f3gica continuou presente nas escolhas do grupo. Ap\u00f3s a chegada a Floren\u00e7a, os participantes deslocaram-se a p\u00e9 at\u00e9 ao alojamento, transportando as suas bagagens e privilegiando uma forma de mobilidade simples, saud\u00e1vel e com reduzido impacto ambiental. Depois de efetuado o check-in, o grupo iniciou a descoberta da cidade tamb\u00e9m a p\u00e9.<\/p>\n<p class=\"wp-block-paragraph\">Ao longo do percurso, os jovens tiveram oportunidade de conhecer alguns dos locais e monumentos mais emblem\u00e1ticos de Floren\u00e7a, contactando de forma direta com o patrim\u00f3nio hist\u00f3rico, art\u00edstico e cultural de uma das cidades mais importantes da Europa. Caminhar pelas ruas de Floren\u00e7a permitiu observar a cidade de uma perspetiva diferente, descobrindo os seus espa\u00e7os, a sua arquitetura e a forma como o patrim\u00f3nio se integra no quotidiano das comunidades locais.<\/p>\n<p class=\"wp-block-paragraph\">A op\u00e7\u00e3o pela mobilidade pedonal constituiu, simultaneamente, uma oportunidade para refletir sobre a import\u00e2ncia de adotar comportamentos mais sustent\u00e1veis nas desloca\u00e7\u00f5es, demonstrando que conhecer uma cidade pode ser feito de forma respons\u00e1vel e amiga do ambiente. A experi\u00eancia permitiu aos jovens perceber que pequenas escolhas individuais podem contribuir para a redu\u00e7\u00e3o da pegada ecol\u00f3gica e para a constru\u00e7\u00e3o de cidades mais sustent\u00e1veis.<\/p>\n<figure class=\"wp-block-gallery has-nested-images columns-default is-cropped wp-block-gallery-2 is-layout-flex wp-block-gallery-is-layout-flex\">\n<figure class=\"wp-block-image size-large\"><img decoding=\"async\" data-id=\"1298\" src=\"https:\/\/cejuntos.eu\/wp-content\/uploads\/2026\/09\/11814.1.jpg\" alt=\"\" class=\"wp-image-1298\" \/><\/figure>\n<\/figure>\n<figure class=\"wp-block-image size-large\"><img decoding=\"async\" src=\"https:\/\/cejuntos.eu\/wp-content\/uploads\/2026\/09\/11812.1.jpg\" alt=\"\" class=\"wp-image-1300\" \/><\/figure>\n<figure class=\"wp-block-post-featured-image\"><img decoding=\"async\" width=\"560\" src=\"https:\/\/cejuntos.eu\/wp-content\/uploads\/2026\/09\/IMG-20260902-WA0006-560x747.jpg\" class=\"attachment-post-thumbnail size-post-thumbnail wp-post-image\" alt=\"\" \/><\/figure>","protected":false},"excerpt":{"rendered":"<p>Terceiro dia do projeto: descobrir Floren\u00e7a a p\u00e9, com sustentabilidade e cidadania europeia. No \u00e2mbito do projeto DiscoverEU Inclus\u00e3o \u201cConstruindo a Europa Juntos\u201d, os cinco jovens participantes prosseguiram a sua experi\u00eancia de aprendizagem, descoberta e cidadania europeia, chegando \u00e0 cidade de Floren\u00e7a. Neste terceiro dia do projeto, a preocupa\u00e7\u00e3o com a pegada ecol\u00f3gica continuou presente [&hellip;]<\/p>\n","protected":false},"author":1,"featured_media":537,"comment_status":"closed","ping_status":"closed","sticky":false,"template":"","format":"standard","meta":{"_eb_attr":"","footnotes":""},"categories":[165],"tags":[],"coauthors":[54],"class_list":["post-7044","post","type-post","status-publish","format-standard","has-post-thumbnail","hentry","category-construindo-a-europa-juntos"],"_links":{"self":[{"href":"https:\/\/aeterrasave.net\/erasmus\/wp-json\/wp\/v2\/posts\/7044","targetHints":{"allow":["GET"]}}],"collection":[{"href":"https:\/\/aeterrasave.net\/erasmus\/wp-json\/wp\/v2\/posts"}],"about":[{"href":"https:\/\/aeterrasave.net\/erasmus\/wp-json\/wp\/v2\/types\/post"}],"author":[{"embeddable":true,"href":"https:\/\/aeterrasave.net\/erasmus\/wp-json\/wp\/v2\/users\/1"}],"replies":[{"embeddable":true,"href":"https:\/\/aeterrasave.net\/erasmus\/wp-json\/wp\/v2\/comments?post=7044"}],"version-history":[{"count":0,"href":"https:\/\/aeterrasave.net\/erasmus\/wp-json\/wp\/v2\/posts\/7044\/revisions"}],"wp:featuredmedia":[{"embeddable":true,"href":"https:\/\/aeterrasave.net\/erasmus\/wp-json\/wp\/v2\/media\/537"}],"wp:attachment":[{"href":"https:\/\/aeterrasave.net\/erasmus\/wp-json\/wp\/v2\/media?parent=7044"}],"wp:term":[{"taxonomy":"category","embeddable":true,"href":"https:\/\/aeterrasave.net\/erasmus\/wp-json\/wp\/v2\/categories?post=7044"},{"taxonomy":"post_tag","embeddable":true,"href":"https:\/\/aeterrasave.net\/erasmus\/wp-json\/wp\/v2\/tags?post=7044"},{"taxonomy":"author","embeddable":true,"href":"https:\/\/aeterrasave.net\/erasmus\/wp-json\/wp\/v2\/coauthors?post=7044"}],"curies":[{"name":"wp","href":"https:\/\/api.w.org\/{rel}","templated":true}]}}