{"id":7045,"date":"2026-09-01T20:11:00","date_gmt":"2026-09-01T20:11:00","guid":{"rendered":"https:\/\/aeterrasave.net\/erasmus\/storytelling-para-a-inclusao-dia-3-florenca-um-espaco-sem-barreiras\/"},"modified":"2026-09-01T20:11:00","modified_gmt":"2026-09-01T20:11:00","slug":"storytelling-para-a-inclusao-dia-3-florenca-um-espaco-sem-barreiras","status":"publish","type":"post","link":"https:\/\/aeterrasave.net\/erasmus\/storytelling-para-a-inclusao-dia-3-florenca-um-espaco-sem-barreiras\/","title":{"rendered":"Storytelling para a Inclus\u00e3o | Dia 3 \u2013 Floren\u00e7a: Um espa\u00e7o sem barreiras"},"content":{"rendered":"<p class=\"wp-block-paragraph\">A atividade \u201cStorytelling para a Inclus\u00e3o\u201d do projeto DiscoverEU Inclus\u00e3o \u201cConstruindo uma Europa para Todos\u201d, continuou hoje o seu percurso mas, desta vez, por Floren\u00e7a. Ao longo desta experi\u00eancia, a inclus\u00e3o continua a assumir um papel central, permitindo aos participantes conhecer diferentes realidades e compreender como a diversidade pode contribuir para uma Europa mais pr\u00f3xima, participativa e emp\u00e1tica.<\/p>\n<p class=\"wp-block-paragraph\">Durante o dia, o grupo teve a oportunidade de conhecer alguns dos espa\u00e7os mais emblem\u00e1ticos da cidade, entre eles a Catedral S. Maria Novella, Duomo de Floren\u00e7a e a Ponte Vecchio, Plaza del Mercado Nuovo, contactando assim, com uma cidade marcada pela hist\u00f3ria, cultura e diversidade.<\/p>\n<p class=\"wp-block-paragraph\">Um dos momentos mais significativos aconteceu durante o jantar, acompanhado por um concerto de m\u00fasica. Num ambiente descontra\u00eddo, a m\u00fasica tornou-se um ponto de encontro entre pessoas diferentes, proporcionando um momento de conv\u00edvio e partilha. A experi\u00eancia mostrou ao grupo a interculturalidade e que a inclus\u00e3o tamb\u00e9m se constr\u00f3i atrav\u00e9s de momentos simples, onde todos podem participar, independentemente das suas diferen\u00e7as e origens.<\/p>\n<p class=\"wp-block-paragraph\">Enquanto observ\u00e1vamos a diversidade de pessoas e culturas fomos construindo storytellings imaginando as suas origens, interesses, motiva\u00e7\u00f5es, dificuldades e barreiras. Foi um momento introspetivo onde pudemos para al\u00e9m da imagina\u00e7\u00e3o exercitar a empatia, algo t\u00e3o necess\u00e1rio numa Europa multicultural.<\/p>\n<p class=\"wp-block-paragraph\">Neste momento, na Piazza del Mercado, observamos um momento, marcante, que nos mostrou as desigualdades e a falta de empatia. Enquanto as pessoas, de forma animada, colocavam moedas na Fontana del Porcelino para trazer boa sorte e fotografavam, um sem abrigo pedia esmolas. Durante aquela hora reparamos que ningu\u00e9m lhe deu nada, apesar de colocarem moedas no Porcelino e de sorrirem para a fotografia.<\/p>\n<p class=\"wp-block-paragraph\">A passagem por Floren\u00e7a permitiu, assim, refor\u00e7ar uma das principais ideias do projeto: uma Europa inclusiva constr\u00f3i-se n\u00e3o s\u00f3 atrav\u00e9s da elimina\u00e7\u00e3o de barreiras, mas tamb\u00e9m atrav\u00e9s da cria\u00e7\u00e3o de espa\u00e7os onde todos t\u00eam oportunidade de conviver e participar, mas que sem empatia isso n\u00e3o ser\u00e1 vi\u00e1vel.<\/p>\n<figure class=\"wp-block-image size-large\"><img decoding=\"async\" loading=\"lazy\" width=\"380\" src=\"https:\/\/cejuntos.eu\/wp-content\/uploads\/2026\/09\/1000085540-380x1120.jpg\" alt=\"\" class=\"wp-image-1330\" \/><\/figure>\n<figure class=\"wp-block-image size-large\"><img decoding=\"async\" loading=\"lazy\" width=\"505\" src=\"https:\/\/cejuntos.eu\/wp-content\/uploads\/2026\/09\/1000085536-1-505x1120.jpg\" alt=\"\" class=\"wp-image-1305\" \/><\/figure>\n<figure class=\"wp-block-image size-large\"><img decoding=\"async\" loading=\"lazy\" width=\"560\" src=\"https:\/\/cejuntos.eu\/wp-content\/uploads\/2026\/09\/1000085547-560x404.jpg\" alt=\"\" class=\"wp-image-1344\" \/><\/figure>","protected":false},"excerpt":{"rendered":"<p>A atividade \u201cStorytelling para a Inclus\u00e3o\u201d do projeto DiscoverEU Inclus\u00e3o \u201cConstruindo uma Europa para Todos\u201d, continuou hoje o seu percurso mas, desta vez, por Floren\u00e7a. Ao longo desta experi\u00eancia, a inclus\u00e3o continua a assumir um papel central, permitindo aos participantes conhecer diferentes realidades e compreender como a diversidade pode contribuir para uma Europa mais pr\u00f3xima, [&hellip;]<\/p>\n","protected":false},"author":1,"featured_media":7046,"comment_status":"closed","ping_status":"closed","sticky":false,"template":"","format":"standard","meta":{"_eb_attr":"","footnotes":""},"categories":[165],"tags":[],"coauthors":[54],"class_list":["post-7045","post","type-post","status-publish","format-standard","has-post-thumbnail","hentry","category-construindo-a-europa-juntos"],"_links":{"self":[{"href":"https:\/\/aeterrasave.net\/erasmus\/wp-json\/wp\/v2\/posts\/7045","targetHints":{"allow":["GET"]}}],"collection":[{"href":"https:\/\/aeterrasave.net\/erasmus\/wp-json\/wp\/v2\/posts"}],"about":[{"href":"https:\/\/aeterrasave.net\/erasmus\/wp-json\/wp\/v2\/types\/post"}],"author":[{"embeddable":true,"href":"https:\/\/aeterrasave.net\/erasmus\/wp-json\/wp\/v2\/users\/1"}],"replies":[{"embeddable":true,"href":"https:\/\/aeterrasave.net\/erasmus\/wp-json\/wp\/v2\/comments?post=7045"}],"version-history":[{"count":0,"href":"https:\/\/aeterrasave.net\/erasmus\/wp-json\/wp\/v2\/posts\/7045\/revisions"}],"wp:featuredmedia":[{"embeddable":true,"href":"https:\/\/aeterrasave.net\/erasmus\/wp-json\/wp\/v2\/media\/7046"}],"wp:attachment":[{"href":"https:\/\/aeterrasave.net\/erasmus\/wp-json\/wp\/v2\/media?parent=7045"}],"wp:term":[{"taxonomy":"category","embeddable":true,"href":"https:\/\/aeterrasave.net\/erasmus\/wp-json\/wp\/v2\/categories?post=7045"},{"taxonomy":"post_tag","embeddable":true,"href":"https:\/\/aeterrasave.net\/erasmus\/wp-json\/wp\/v2\/tags?post=7045"},{"taxonomy":"author","embeddable":true,"href":"https:\/\/aeterrasave.net\/erasmus\/wp-json\/wp\/v2\/coauthors?post=7045"}],"curies":[{"name":"wp","href":"https:\/\/api.w.org\/{rel}","templated":true}]}}