{"id":7058,"date":"2026-09-03T08:09:35","date_gmt":"2026-09-03T08:09:35","guid":{"rendered":"https:\/\/aeterrasave.net\/erasmus\/storytelling-para-a-inclusao-dia-4-florenca-incluir-comeca-nos-pequenos-detalhes\/"},"modified":"2026-09-03T08:09:35","modified_gmt":"2026-09-03T08:09:35","slug":"storytelling-para-a-inclusao-dia-4-florenca-incluir-comeca-nos-pequenos-detalhes","status":"publish","type":"post","link":"https:\/\/aeterrasave.net\/erasmus\/storytelling-para-a-inclusao-dia-4-florenca-incluir-comeca-nos-pequenos-detalhes\/","title":{"rendered":"Storytelling para a inclus\u00e3o | Dia 4: Floren\u00e7a \u2013 incluir come\u00e7a nos pequenos detalhes"},"content":{"rendered":"<p><a href=\"https:\/\/cejuntos.eu\/2026\/09\/03\/storytelling-para-a-inclusao-dia-4-florenca-incluir-comeca-nos-pequenos-detalhes\/\"><img fetchpriority=\"high\" decoding=\"async\" width=\"560\" height=\"995\" src=\"https:\/\/cejuntos.eu\/wp-content\/uploads\/2026\/09\/IMG-20260903-WA0056-560x995.jpg\" alt=\"Storytelling para a inclus\u00e3o | Dia 4: Floren\u00e7a \u2013 incluir come\u00e7a nos pequenos detalhes\" align=\"left\" \/><\/a><\/p>\n<p class=\"wp-block-paragraph\">02 de setembro de 2026<\/p>\n<p class=\"wp-block-paragraph\">O segundo dia em Floren\u00e7a trouxe novas experi\u00eancias e, sobretudo, novas oportunidades para olhar para a inclus\u00e3o de diferentes perspetivas.Durante o dia, o grupo passou pela Pra\u00e7a da Independ\u00eancia, pelo jardim Bot\u00e2nico e pelo Museu delle Cappelle Medicee. Foi precisamente neste \u00faltimo espa\u00e7o que surgiu uma reflex\u00e3o importante sobre acessibilidade e coer\u00eancia.<\/p>\n<p class=\"wp-block-paragraph\">Ao visitarmos o museu, observamos  uma situa\u00e7\u00e3o de inacessibilidade com a exist\u00eancia de escadas e, logo de seguida, uma rampa n\u00e3o garantindo, assim, a acessibilidade de todos.<\/p>\n<p class=\"wp-block-paragraph\">Enquanto observ\u00e1vamos essa barreira, um casal de idosos, com pouca mobilidade , estava a visitar o museu com alguma dificuldade o que nos levou a questionar se a acessibilidade deve ser pensada apenas como a exist\u00eancia de uma alternativa ou se deve estar integrada de forma natural, coerente e igualit\u00e1ria nos espa\u00e7os que todos utilizamos pois, na verdade, aquele acesso constitui uma barreira, n\u00e3o s\u00f3 social, cultural e at\u00e9 etarista. Esta situa\u00e7\u00e3o fez-nos perceber que incluir n\u00e3o \u00e9 apenas criar solu\u00e7\u00f5es, mas garantir que essas solu\u00e7\u00f5es permitem que todas as pessoas tenham uma experi\u00eancia digna, aut\u00f3noma e verdadeiramente participativa.<\/p>\n<p class=\"wp-block-paragraph\">Pensar em acessibilidade, observar quem consegue ou n\u00e3o participar e criar oportunidades para todos s\u00e3o passos importantes para construir comunidades mais abertas e uma Europa onde ningu\u00e9m fique de fora. Porque uma sociedade inclusiva n\u00e3o \u00e9 aquela onde todos s\u00e3o iguais, mas sim aquela em que todos t\u00eam as mesmas oportunidades.<\/p>\n<figure class=\"wp-block-image size-large\"><img decoding=\"async\" width=\"560\" src=\"https:\/\/cejuntos.eu\/wp-content\/uploads\/2026\/09\/IMG-20260902-WA0129-1-560x995.jpg\" alt=\"\" class=\"wp-image-1385\" \/><\/figure>\n<p class=\"wp-block-paragraph\">\n<\/p>","protected":false},"excerpt":{"rendered":"<p>02 de setembro de 2026 O segundo dia em Floren\u00e7a trouxe novas experi\u00eancias e, sobretudo, novas oportunidades para olhar para a inclus\u00e3o de diferentes perspetivas.Durante o dia, o grupo passou pela Pra\u00e7a da Independ\u00eancia, pelo jardim Bot\u00e2nico e pelo Museu delle Cappelle Medicee. Foi precisamente neste \u00faltimo espa\u00e7o que surgiu uma reflex\u00e3o importante sobre acessibilidade [&hellip;]<\/p>\n","protected":false},"author":1,"featured_media":7059,"comment_status":"closed","ping_status":"closed","sticky":false,"template":"","format":"standard","meta":{"_eb_attr":"","footnotes":""},"categories":[165],"tags":[],"coauthors":[54],"class_list":["post-7058","post","type-post","status-publish","format-standard","has-post-thumbnail","hentry","category-construindo-a-europa-juntos"],"_links":{"self":[{"href":"https:\/\/aeterrasave.net\/erasmus\/wp-json\/wp\/v2\/posts\/7058","targetHints":{"allow":["GET"]}}],"collection":[{"href":"https:\/\/aeterrasave.net\/erasmus\/wp-json\/wp\/v2\/posts"}],"about":[{"href":"https:\/\/aeterrasave.net\/erasmus\/wp-json\/wp\/v2\/types\/post"}],"author":[{"embeddable":true,"href":"https:\/\/aeterrasave.net\/erasmus\/wp-json\/wp\/v2\/users\/1"}],"replies":[{"embeddable":true,"href":"https:\/\/aeterrasave.net\/erasmus\/wp-json\/wp\/v2\/comments?post=7058"}],"version-history":[{"count":0,"href":"https:\/\/aeterrasave.net\/erasmus\/wp-json\/wp\/v2\/posts\/7058\/revisions"}],"wp:featuredmedia":[{"embeddable":true,"href":"https:\/\/aeterrasave.net\/erasmus\/wp-json\/wp\/v2\/media\/7059"}],"wp:attachment":[{"href":"https:\/\/aeterrasave.net\/erasmus\/wp-json\/wp\/v2\/media?parent=7058"}],"wp:term":[{"taxonomy":"category","embeddable":true,"href":"https:\/\/aeterrasave.net\/erasmus\/wp-json\/wp\/v2\/categories?post=7058"},{"taxonomy":"post_tag","embeddable":true,"href":"https:\/\/aeterrasave.net\/erasmus\/wp-json\/wp\/v2\/tags?post=7058"},{"taxonomy":"author","embeddable":true,"href":"https:\/\/aeterrasave.net\/erasmus\/wp-json\/wp\/v2\/coauthors?post=7058"}],"curies":[{"name":"wp","href":"https:\/\/api.w.org\/{rel}","templated":true}]}}