{"id":7060,"date":"2026-09-04T06:01:10","date_gmt":"2026-09-04T06:01:10","guid":{"rendered":"https:\/\/aeterrasave.net\/erasmus\/storytelling-para-a-inclusao-dia-5-florenca-os-sapatos-que-contam-historias\/"},"modified":"2026-09-04T06:01:10","modified_gmt":"2026-09-04T06:01:10","slug":"storytelling-para-a-inclusao-dia-5-florenca-os-sapatos-que-contam-historias","status":"publish","type":"post","link":"https:\/\/aeterrasave.net\/erasmus\/storytelling-para-a-inclusao-dia-5-florenca-os-sapatos-que-contam-historias\/","title":{"rendered":"Storytelling para a Inclus\u00e3o | Dia 5: Floren\u00e7a \u2013 Os sapatos que contam hist\u00f3rias"},"content":{"rendered":"<p><a href=\"https:\/\/cejuntos.eu\/2026\/09\/04\/storytelling-para-a-inclusao-dia-5-florenca-os-sapatos-que-contam-historias\/\"><img fetchpriority=\"high\" decoding=\"async\" width=\"560\" height=\"995\" src=\"https:\/\/cejuntos.eu\/wp-content\/uploads\/2026\/09\/IMG-20260904-WA0034-560x995.jpg\" alt=\"Storytelling para a Inclus\u00e3o | Dia 5: Floren\u00e7a \u2013 Os sapatos que contam hist\u00f3rias\" align=\"left\" \/><\/a><\/p>\n<p class=\"wp-block-paragraph\">Os sapatos que contam hist\u00f3rias: uma viagem pela inclus\u00e3o no Museu Etnogr\u00e1fico de Floren\u00e7a.<\/p>\n<p class=\"wp-block-paragraph\">No \u00e2mbito da mobilidade DiscoverEU, dedicada ao tema \u201cStorytelling para a Inclus\u00e3o\u201d os alunos viveram uma experi\u00eancia marcante durante a visita ao Museu Etnogr\u00e1fico de Floren\u00e7a. Entre as v\u00e1rias exposi\u00e7\u00f5es, uma instala\u00e7\u00e3o composta por sapatos provenientes de diferentes partes do mundo destacou-se como um s\u00edmbolo de interculturalidade, empatia e inclus\u00e3o.<\/p>\n<p class=\"wp-block-paragraph\">Cada par de sapatos representava muito mais do que um objeto do quotidiano. Contava a hist\u00f3ria de um povo, de uma cultura, de uma forma de viver e de caminhar pelo mundo. Ao observar esta cole\u00e7\u00e3o, os participantes foram convidados a refletir sobre a import\u00e2ncia de \u201ccal\u00e7ar os sapatos do outro\u201d, compreendendo que cada pessoa transporta consigo experi\u00eancias, desafios e tradi\u00e7\u00f5es \u00fanicas.<\/p>\n<p class=\"wp-block-paragraph\">A atividade tornou-se um momento privilegiado de aprendizagem intercultural. Os alunos perceberam que as diferen\u00e7as culturais n\u00e3o constituem barreiras, mas antes oportunidades para aprender, respeitar e crescer em conjunto. A diversidade presente na exposi\u00e7\u00e3o demonstrou que, apesar dos diferentes percursos, todos partilhamos necessidades, sonhos e valores humanos comuns.<\/p>\n<p class=\"wp-block-paragraph\">Esta visita refor\u00e7ou tamb\u00e9m a import\u00e2ncia da empatia como ferramenta para construir sociedades mais inclusivas. Ao conhecer as hist\u00f3rias por detr\u00e1s dos objetos expostos, os jovens foram desafiados a olhar para al\u00e9m das apar\u00eancias e a reconhecer a riqueza que existe na pluralidade de culturas e identidades.<\/p>\n<p class=\"wp-block-paragraph\">A mobilidade DiscoverEU tem proporcionado aos participantes experi\u00eancias que ultrapassam a dimens\u00e3o tur\u00edstica, transformando cada visita num espa\u00e7o de aprendizagem, di\u00e1logo e cidadania europeia. O Museu Etnogr\u00e1fico de Floren\u00e7a revelou-se um cen\u00e1rio inspirador para compreender que a inclus\u00e3o come\u00e7a quando estamos dispostos a conhecer, ouvir e respeitar o caminho percorrido por cada pessoa.<\/p>\n<p class=\"wp-block-paragraph\">Mais do que uma exposi\u00e7\u00e3o esta foi uma viagem simb\u00f3lica pelos passos da Humanidade, lembrando que todos caminhamos em dire\u00e7\u00f5es diferentes, mas podemos construir um futuro comum assente no respeito, na solidariedade e na valoriza\u00e7\u00e3o da diversidade.<\/p>\n<figure class=\"wp-block-image size-large\"><img decoding=\"async\" width=\"560\" src=\"https:\/\/cejuntos.eu\/wp-content\/uploads\/2026\/09\/1000086558-560x995.jpg\" alt=\"\" class=\"wp-image-1393\" \/><\/figure>\n<figure class=\"wp-block-image size-large\"><img decoding=\"async\" width=\"560\" src=\"https:\/\/cejuntos.eu\/wp-content\/uploads\/2026\/09\/1000086554-560x995.jpg\" alt=\"\" class=\"wp-image-1394\" \/><\/figure>\n<figure class=\"wp-block-image size-large\"><img decoding=\"async\" width=\"560\" src=\"https:\/\/cejuntos.eu\/wp-content\/uploads\/2026\/09\/1000086553-560x995.jpg\" alt=\"\" class=\"wp-image-1395\" \/><\/figure>\n<figure class=\"wp-block-image size-large\"><img decoding=\"async\" loading=\"lazy\" width=\"560\" src=\"https:\/\/cejuntos.eu\/wp-content\/uploads\/2026\/09\/1000086557-560x995.jpg\" alt=\"\" class=\"wp-image-1397\" \/><\/figure>","protected":false},"excerpt":{"rendered":"<p>Os sapatos que contam hist\u00f3rias: uma viagem pela inclus\u00e3o no Museu Etnogr\u00e1fico de Floren\u00e7a. No \u00e2mbito da mobilidade DiscoverEU, dedicada ao tema \u201cStorytelling para a Inclus\u00e3o\u201d os alunos viveram uma experi\u00eancia marcante durante a visita ao Museu Etnogr\u00e1fico de Floren\u00e7a. Entre as v\u00e1rias exposi\u00e7\u00f5es, uma instala\u00e7\u00e3o composta por sapatos provenientes de diferentes partes do mundo [&hellip;]<\/p>\n","protected":false},"author":1,"featured_media":7061,"comment_status":"closed","ping_status":"closed","sticky":false,"template":"","format":"standard","meta":{"_eb_attr":"","footnotes":""},"categories":[165],"tags":[],"coauthors":[54],"class_list":["post-7060","post","type-post","status-publish","format-standard","has-post-thumbnail","hentry","category-construindo-a-europa-juntos"],"_links":{"self":[{"href":"https:\/\/aeterrasave.net\/erasmus\/wp-json\/wp\/v2\/posts\/7060","targetHints":{"allow":["GET"]}}],"collection":[{"href":"https:\/\/aeterrasave.net\/erasmus\/wp-json\/wp\/v2\/posts"}],"about":[{"href":"https:\/\/aeterrasave.net\/erasmus\/wp-json\/wp\/v2\/types\/post"}],"author":[{"embeddable":true,"href":"https:\/\/aeterrasave.net\/erasmus\/wp-json\/wp\/v2\/users\/1"}],"replies":[{"embeddable":true,"href":"https:\/\/aeterrasave.net\/erasmus\/wp-json\/wp\/v2\/comments?post=7060"}],"version-history":[{"count":0,"href":"https:\/\/aeterrasave.net\/erasmus\/wp-json\/wp\/v2\/posts\/7060\/revisions"}],"wp:featuredmedia":[{"embeddable":true,"href":"https:\/\/aeterrasave.net\/erasmus\/wp-json\/wp\/v2\/media\/7061"}],"wp:attachment":[{"href":"https:\/\/aeterrasave.net\/erasmus\/wp-json\/wp\/v2\/media?parent=7060"}],"wp:term":[{"taxonomy":"category","embeddable":true,"href":"https:\/\/aeterrasave.net\/erasmus\/wp-json\/wp\/v2\/categories?post=7060"},{"taxonomy":"post_tag","embeddable":true,"href":"https:\/\/aeterrasave.net\/erasmus\/wp-json\/wp\/v2\/tags?post=7060"},{"taxonomy":"author","embeddable":true,"href":"https:\/\/aeterrasave.net\/erasmus\/wp-json\/wp\/v2\/coauthors?post=7060"}],"curies":[{"name":"wp","href":"https:\/\/api.w.org\/{rel}","templated":true}]}}