{"id":7062,"date":"2026-09-05T09:27:51","date_gmt":"2026-09-05T09:27:51","guid":{"rendered":"https:\/\/aeterrasave.net\/erasmus\/roma-e-florenca-o-que-dizer\/"},"modified":"2026-09-05T09:27:51","modified_gmt":"2026-09-05T09:27:51","slug":"roma-e-florenca-o-que-dizer","status":"publish","type":"post","link":"https:\/\/aeterrasave.net\/erasmus\/roma-e-florenca-o-que-dizer\/","title":{"rendered":"Roma e Floren\u00e7a o que dizer"},"content":{"rendered":"<p><a href=\"https:\/\/cejuntos.eu\/2026\/09\/05\/roma-e-florenca-o-que-dizer\/\"><img fetchpriority=\"high\" decoding=\"async\" width=\"560\" height=\"995\" src=\"https:\/\/cejuntos.eu\/wp-content\/uploads\/2026\/09\/12541-560x995.jpg\" alt=\"Roma e Floren\u00e7a o que dizer\" align=\"left\" \/><\/a><\/p>\n<p class=\"wp-block-paragraph\">No \u00e2mbito do projeto \u201cConstruindo a Europa Juntos\u201d, cinco alunos e duas professoras continuam a visita em Roma, refletindo sobre os desafios das grandes cidades europeias na concilia\u00e7\u00e3o entre turismo, patrim\u00f3nio, ambiente e qualidade de vida.<\/p>\n<p class=\"wp-block-paragraph\">Este sexto dia do projeto, \u00e9 segundo dia em Roma, a experi\u00eancia permitiu comparar Roma com Floren\u00e7a e compreender que o turismo, embora contribua para o desenvolvimento econ\u00f3mico e para o interc\u00e2mbio cultural, pode tamb\u00e9m aumentar a press\u00e3o sobre a mobilidade, as infraestruturas, a habita\u00e7\u00e3o, os espa\u00e7os p\u00fablicos e a gest\u00e3o dos res\u00edduos.<\/p>\n<p class=\"wp-block-paragraph\">Os alunos destacaram a import\u00e2ncia de comportamentos respons\u00e1veis, como caminhar, utilizar transportes p\u00fablicos, reduzir o desperd\u00edcio, reutilizar materiais, separar corretamente os res\u00edduos e respeitar os habitantes, o patrim\u00f3nio e a identidade cultural dos locais visitados.<\/p>\n<p class=\"wp-block-paragraph\">A visita refor\u00e7ou a ideia de que uma cidade sustent\u00e1vel deve ser simultaneamente habit\u00e1vel para os seus residentes, acess\u00edvel aos visitantes, ambientalmente respons\u00e1vel e capaz de preservar o seu patrim\u00f3nio. A viagem tornou-se, assim, uma oportunidade de aprendizagem e de reflex\u00e3o sobre a cidadania europeia e sobre a responsabilidade de cada pessoa na constru\u00e7\u00e3o de cidades mais sustent\u00e1veis.<\/p>\n<p class=\"wp-block-paragraph\">\n<\/p>","protected":false},"excerpt":{"rendered":"<p>No \u00e2mbito do projeto \u201cConstruindo a Europa Juntos\u201d, cinco alunos e duas professoras continuam a visita em Roma, refletindo sobre os desafios das grandes cidades europeias na concilia\u00e7\u00e3o entre turismo, patrim\u00f3nio, ambiente e qualidade de vida. Este sexto dia do projeto, \u00e9 segundo dia em Roma, a experi\u00eancia permitiu comparar Roma com Floren\u00e7a e compreender [&hellip;]<\/p>\n","protected":false},"author":1,"featured_media":7063,"comment_status":"closed","ping_status":"closed","sticky":false,"template":"","format":"standard","meta":{"_eb_attr":"","footnotes":""},"categories":[165],"tags":[],"coauthors":[54],"class_list":["post-7062","post","type-post","status-publish","format-standard","has-post-thumbnail","hentry","category-construindo-a-europa-juntos"],"_links":{"self":[{"href":"https:\/\/aeterrasave.net\/erasmus\/wp-json\/wp\/v2\/posts\/7062","targetHints":{"allow":["GET"]}}],"collection":[{"href":"https:\/\/aeterrasave.net\/erasmus\/wp-json\/wp\/v2\/posts"}],"about":[{"href":"https:\/\/aeterrasave.net\/erasmus\/wp-json\/wp\/v2\/types\/post"}],"author":[{"embeddable":true,"href":"https:\/\/aeterrasave.net\/erasmus\/wp-json\/wp\/v2\/users\/1"}],"replies":[{"embeddable":true,"href":"https:\/\/aeterrasave.net\/erasmus\/wp-json\/wp\/v2\/comments?post=7062"}],"version-history":[{"count":0,"href":"https:\/\/aeterrasave.net\/erasmus\/wp-json\/wp\/v2\/posts\/7062\/revisions"}],"wp:featuredmedia":[{"embeddable":true,"href":"https:\/\/aeterrasave.net\/erasmus\/wp-json\/wp\/v2\/media\/7063"}],"wp:attachment":[{"href":"https:\/\/aeterrasave.net\/erasmus\/wp-json\/wp\/v2\/media?parent=7062"}],"wp:term":[{"taxonomy":"category","embeddable":true,"href":"https:\/\/aeterrasave.net\/erasmus\/wp-json\/wp\/v2\/categories?post=7062"},{"taxonomy":"post_tag","embeddable":true,"href":"https:\/\/aeterrasave.net\/erasmus\/wp-json\/wp\/v2\/tags?post=7062"},{"taxonomy":"author","embeddable":true,"href":"https:\/\/aeterrasave.net\/erasmus\/wp-json\/wp\/v2\/coauthors?post=7062"}],"curies":[{"name":"wp","href":"https:\/\/api.w.org\/{rel}","templated":true}]}}