{"id":7064,"date":"2026-09-02T20:41:20","date_gmt":"2026-09-02T20:41:20","guid":{"rendered":"https:\/\/aeterrasave.net\/erasmus\/a-passagem-por-florenca\/"},"modified":"2026-09-02T20:41:20","modified_gmt":"2026-09-02T20:41:20","slug":"a-passagem-por-florenca","status":"publish","type":"post","link":"https:\/\/aeterrasave.net\/erasmus\/a-passagem-por-florenca\/","title":{"rendered":"A passagem por Floren\u00e7a"},"content":{"rendered":"<p><a href=\"https:\/\/cejuntos.eu\/2026\/09\/02\/a-passagem-por-florenca\/\"><img fetchpriority=\"high\" decoding=\"async\" width=\"560\" height=\"747\" src=\"https:\/\/cejuntos.eu\/wp-content\/uploads\/2026\/09\/11974-1-560x747.jpg\" alt=\"A passagem por Floren\u00e7a\" align=\"left\" \/><\/a><\/p>\n<h2 class=\"wp-block-heading\">Escolhas eficientes e conscientes<\/h2>\n<p class=\"wp-block-paragraph\">No \u00e2mbito do projeto \u201cConstruindo a Europa Juntos\u201d, integrado no projeto DiscoverEU Inclus\u00e3o \u2013 2026-1-PT02-KA155-YOU-000393914, os cinco alunos e as duas professoras viveram o quarto do projeto e \u00faltimo dia da sua perman\u00eancia em Floren\u00e7a, continuando a experi\u00eancia de descoberta, aprendizagem e cidadania europeia.<\/p>\n<p class=\"wp-block-paragraph\">Depois de, no dia anterior, terem explorado a cidade essencialmente a p\u00e9, neste \u00faltimo dia em Floren\u00e7a o grupo teve oportunidade de visitar a Galeria da Academia, um dos espa\u00e7os culturais mais emblem\u00e1ticos da cidade. A visita permitiu aos alunos contactar de forma direta com importantes obras de arte e compreender melhor a riqueza do patrim\u00f3nio art\u00edstico e cultural italiano e europeu. Entre as obras observadas, destacou-se a c\u00e9lebre escultura de David, de Michelangelo, proporcionando aos jovens uma experi\u00eancia cultural marcante e uma oportunidade de conhecer mais profundamente um dos s\u00edmbolos de Floren\u00e7a.<\/p>\n<p class=\"wp-block-paragraph\">Ao longo deste \u00faltimo dia, a sustentabilidade continuou a estar presente no olhar dos participantes sobre a cidade. Para al\u00e9m das desloca\u00e7\u00f5es pedonais realizadas pelo grupo, os alunos foram incentivados a observar de forma cr\u00edtica a organiza\u00e7\u00e3o urbana e os comportamentos da popula\u00e7\u00e3o e dos visitantes, procurando identificar exemplos de boas pr\u00e1ticas que possam contribuir para cidades mais sustent\u00e1veis e acolhedoras.<\/p>\n<p class=\"wp-block-paragraph\">Uma das dimens\u00f5es que mais chamou a aten\u00e7\u00e3o dos jovens foi a capacidade de Floren\u00e7a receber diariamente um elevado n\u00famero de turistas, mantendo, apesar disso, uma organiza\u00e7\u00e3o que lhes pareceu eficiente. A grande aflu\u00eancia de visitantes permitiu-lhes refletir sobre os desafios associados ao turismo de massas e sobre a necessidade de encontrar um equil\u00edbrio entre a valoriza\u00e7\u00e3o do patrim\u00f3nio, a atividade tur\u00edstica, a qualidade de vida das popula\u00e7\u00f5es locais e a preserva\u00e7\u00e3o do ambiente.<\/p>\n<p class=\"wp-block-paragraph\">Os alunos destacaram tamb\u00e9m, de forma muito positiva, a limpeza que encontraram nas ruas e nos espa\u00e7os p\u00fablicos da cidade. A exist\u00eancia de fontes de \u00e1gua gratuitas, acess\u00edveis \u00e0 popula\u00e7\u00e3o e aos turistas, foi igualmente valorizada pelo grupo, por representar uma medida simples, mas com impacto positivo na sustentabilidade. A possibilidade de encher as garrafas reutiliz\u00e1veis permitiu reduzir a necessidade de comprar garrafas de pl\u00e1stico de utiliza\u00e7\u00e3o \u00fanica, demonstrando como infraestruturas p\u00fablicas bem pensadas podem incentivar comportamentos ambientalmente respons\u00e1veis.<\/p>\n<p class=\"wp-block-paragraph\">A experi\u00eancia em Floren\u00e7a levou ainda os jovens a reconhecer outras caracter\u00edsticas positivas da cidade, nomeadamente a organiza\u00e7\u00e3o dos espa\u00e7os, a valoriza\u00e7\u00e3o do patrim\u00f3nio, a facilidade em percorrer muitos locais a p\u00e9 e a conviv\u00eancia entre habitantes e turistas. Estas observa\u00e7\u00f5es contribu\u00edram para que percebessem que a sustentabilidade n\u00e3o depende apenas de grandes medidas ambientais, mas tamb\u00e9m de pequenas op\u00e7\u00f5es e de uma organiza\u00e7\u00e3o urbana que facilite escolhas mais respons\u00e1veis.<\/p>\n<p class=\"wp-block-paragraph\">No final da estadia em Floren\u00e7a, os alunos fizeram um balan\u00e7o muito positivo da experi\u00eancia. Para al\u00e9m dos conhecimentos adquiridos atrav\u00e9s do contacto com a arte, a hist\u00f3ria e o patrim\u00f3nio europeu, levaram consigo uma maior consci\u00eancia sobre a import\u00e2ncia da sustentabilidade nas cidades e sobre o papel que cada cidad\u00e3o pode desempenhar na preserva\u00e7\u00e3o dos espa\u00e7os que partilhamos.<\/p>\n<p class=\"wp-block-paragraph\">A passagem por Floren\u00e7a constituiu, assim, mais do que uma visita tur\u00edstica: foi uma oportunidade para observar, questionar, comparar realidades e refletir sobre diferentes formas de construir cidades mais limpas, organizadas, acess\u00edveis e sustent\u00e1veis. Esta experi\u00eancia refor\u00e7ou nos jovens o sentimento de perten\u00e7a a uma Europa comum, onde viajar, conhecer outras culturas e aprender com diferentes realidades s\u00e3o tamb\u00e9m formas de exercer uma cidadania europeia mais consciente e participativa.<\/p>\n<figure class=\"wp-block-gallery has-nested-images columns-default is-cropped wp-block-gallery-3 is-layout-flex wp-block-gallery-is-layout-flex\">\n<figure class=\"wp-block-image size-large\"><img decoding=\"async\" loading=\"lazy\" width=\"560\" data-id=\"1368\" src=\"https:\/\/cejuntos.eu\/wp-content\/uploads\/2026\/09\/11972-560x420.jpg\" alt=\"\" class=\"wp-image-1368\" \/><\/figure>\n<\/figure>\n<figure class=\"wp-block-gallery has-nested-images columns-default is-cropped wp-block-gallery-4 is-layout-flex wp-block-gallery-is-layout-flex\"><\/figure>\n<figure class=\"wp-block-pullquote\">\n<blockquote>\n<\/blockquote>\n<\/figure>","protected":false},"excerpt":{"rendered":"<p>Escolhas eficientes e conscientes No \u00e2mbito do projeto \u201cConstruindo a Europa Juntos\u201d, integrado no projeto DiscoverEU Inclus\u00e3o \u2013 2026-1-PT02-KA155-YOU-000393914, os cinco alunos e as duas professoras viveram o quarto do projeto e \u00faltimo dia da sua perman\u00eancia em Floren\u00e7a, continuando a experi\u00eancia de descoberta, aprendizagem e cidadania europeia. Depois de, no dia anterior, terem explorado [&hellip;]<\/p>\n","protected":false},"author":1,"featured_media":7065,"comment_status":"closed","ping_status":"closed","sticky":false,"template":"","format":"standard","meta":{"_eb_attr":"","footnotes":""},"categories":[165],"tags":[],"coauthors":[54],"class_list":["post-7064","post","type-post","status-publish","format-standard","has-post-thumbnail","hentry","category-construindo-a-europa-juntos"],"_links":{"self":[{"href":"https:\/\/aeterrasave.net\/erasmus\/wp-json\/wp\/v2\/posts\/7064","targetHints":{"allow":["GET"]}}],"collection":[{"href":"https:\/\/aeterrasave.net\/erasmus\/wp-json\/wp\/v2\/posts"}],"about":[{"href":"https:\/\/aeterrasave.net\/erasmus\/wp-json\/wp\/v2\/types\/post"}],"author":[{"embeddable":true,"href":"https:\/\/aeterrasave.net\/erasmus\/wp-json\/wp\/v2\/users\/1"}],"replies":[{"embeddable":true,"href":"https:\/\/aeterrasave.net\/erasmus\/wp-json\/wp\/v2\/comments?post=7064"}],"version-history":[{"count":0,"href":"https:\/\/aeterrasave.net\/erasmus\/wp-json\/wp\/v2\/posts\/7064\/revisions"}],"wp:featuredmedia":[{"embeddable":true,"href":"https:\/\/aeterrasave.net\/erasmus\/wp-json\/wp\/v2\/media\/7065"}],"wp:attachment":[{"href":"https:\/\/aeterrasave.net\/erasmus\/wp-json\/wp\/v2\/media?parent=7064"}],"wp:term":[{"taxonomy":"category","embeddable":true,"href":"https:\/\/aeterrasave.net\/erasmus\/wp-json\/wp\/v2\/categories?post=7064"},{"taxonomy":"post_tag","embeddable":true,"href":"https:\/\/aeterrasave.net\/erasmus\/wp-json\/wp\/v2\/tags?post=7064"},{"taxonomy":"author","embeddable":true,"href":"https:\/\/aeterrasave.net\/erasmus\/wp-json\/wp\/v2\/coauthors?post=7064"}],"curies":[{"name":"wp","href":"https:\/\/api.w.org\/{rel}","templated":true}]}}