{"id":7068,"date":"2026-09-05T21:32:58","date_gmt":"2026-09-05T21:32:58","guid":{"rendered":"https:\/\/aeterrasave.net\/erasmus\/storytelling-para-a-inclusao-dia-6-polignano-al-mare-pequenos-encontros-grandes-aprendizagens\/"},"modified":"2026-09-05T21:32:58","modified_gmt":"2026-09-05T21:32:58","slug":"storytelling-para-a-inclusao-dia-6-polignano-al-mare-pequenos-encontros-grandes-aprendizagens","status":"publish","type":"post","link":"https:\/\/aeterrasave.net\/erasmus\/storytelling-para-a-inclusao-dia-6-polignano-al-mare-pequenos-encontros-grandes-aprendizagens\/","title":{"rendered":"Storytelling para a inclus\u00e3o | Dia 6: Polignano al Mare \u2013 pequenos encontros, grandes aprendizagens"},"content":{"rendered":"<p><a href=\"https:\/\/cejuntos.eu\/2026\/09\/05\/storytelling-para-a-inclusao-dia-6-polignano-al-mare-pequenos-encontros-grandes-aprendizagens\/\"><img fetchpriority=\"high\" decoding=\"async\" width=\"560\" height=\"315\" src=\"https:\/\/cejuntos.eu\/wp-content\/uploads\/2026\/09\/IMG-20260905-WA0084-560x315.jpg\" alt=\"Storytelling para a inclus\u00e3o | Dia 6: Polignano al Mare \u2013 pequenos encontros, grandes aprendizagens\" align=\"left\" \/><\/a><\/p>\n<p class=\"wp-block-paragraph\">04 de setembro de 2026<\/p>\n<p class=\"wp-block-paragraph\">Hoje, em Polignano al Mare, vivemos um daqueles momentos que n\u00e3o estava planeado, mas que ficar\u00e1 na mem\u00f3ria. Enquanto observ\u00e1vamos e fograf\u00e1vamos a maravilhosa paisagem mar\u00edtima do Mar Adri\u00e1tico, vimos um senhor idoso, sentado num banco, virado para o mar. Este sorriu e perguntou, de forma divertida, se tamb\u00e9m lhe tir\u00e1vamos uma fotografia (\u201cfai una foto anche a me\u201d). Aquela frase foi o mote para o in\u00edcio de uma conversa, inicialmente, com alguns entraves, por causa da l\u00edngua, mas que depressa fluiu. Notava-se nele alguma solid\u00e3o e a necessidade de que algu\u00e9m o ouvisse.<\/p>\n<p class=\"wp-block-paragraph\">O que come\u00e7ou por ser uma brincadeira transformou-se numa oportunidade de conhecer uma parte da sua hist\u00f3ria, ouvir as suas experi\u00eancias e perceber um pouco melhor da pessoa que estava diante de n\u00f3s.<\/p>\n<p class=\"wp-block-paragraph\">Houve uma troca genu\u00edna: ele partilhou connosco as suas viv\u00eancias e n\u00f3s partilh\u00e1mos tamb\u00e9m um pouco das nossas. Mais do que palavras, existiu curiosidade, aten\u00e7\u00e3o e vontade de conhecer o outro. A aten\u00e7\u00e3o que lhe demos e a empatia criada alegrou, com certeza, o dia daquele senhor solit\u00e1rio.<\/p>\n<p class=\"wp-block-paragraph\">Aquele momento mostrou-nos que para existir empatia e inclus\u00e3o n\u00e3o \u00e9 necess\u00e1rio ter a mesma idade, a mesma origem ou as mesmas experi\u00eancias.<\/p>\n<p class=\"wp-block-paragraph\">Este encontro, para al\u00e9m da riqueza e da troca de saberes e culturas, fez-nos refletir sobre a import\u00e2ncia de criar rela\u00e7\u00f5es entre pessoas de gera\u00e7\u00f5es diferentes e de como \u00e9 importante, numa Europa envelhecida, dar aten\u00e7\u00e3o aos mais velhos, principalmente aqueles que est\u00e3o s\u00f3s e com quem tanto podemos aprender.<\/p>\n<p class=\"wp-block-paragraph\">No final, ficou uma aprendizagem simples: incluir tamb\u00e9m \u00e9 saber parar, ouvir e dar espa\u00e7o \u00e0 hist\u00f3ria do outro. Porque uma sociedade mais inclusiva come\u00e7a muitas vezes com a abertura para uma conversa inesperada, um pouco de empatia e vontade de conhecer quem est\u00e1 do outro lado.<\/p>\n<figure class=\"wp-block-image size-large\"><img decoding=\"async\" loading=\"lazy\" width=\"560\" src=\"https:\/\/cejuntos.eu\/wp-content\/uploads\/2026\/09\/IMG-20260905-WA0069-560x995.jpg\" alt=\"\" class=\"wp-image-1409\" \/><\/figure>\n<p class=\"wp-block-paragraph\">\n<\/p>","protected":false},"excerpt":{"rendered":"<p>04 de setembro de 2026 Hoje, em Polignano al Mare, vivemos um daqueles momentos que n\u00e3o estava planeado, mas que ficar\u00e1 na mem\u00f3ria. Enquanto observ\u00e1vamos e fograf\u00e1vamos a maravilhosa paisagem mar\u00edtima do Mar Adri\u00e1tico, vimos um senhor idoso, sentado num banco, virado para o mar. Este sorriu e perguntou, de forma divertida, se tamb\u00e9m lhe [&hellip;]<\/p>\n","protected":false},"author":1,"featured_media":7069,"comment_status":"closed","ping_status":"closed","sticky":false,"template":"","format":"standard","meta":{"_eb_attr":"","footnotes":""},"categories":[165],"tags":[],"coauthors":[54],"class_list":["post-7068","post","type-post","status-publish","format-standard","has-post-thumbnail","hentry","category-construindo-a-europa-juntos"],"_links":{"self":[{"href":"https:\/\/aeterrasave.net\/erasmus\/wp-json\/wp\/v2\/posts\/7068","targetHints":{"allow":["GET"]}}],"collection":[{"href":"https:\/\/aeterrasave.net\/erasmus\/wp-json\/wp\/v2\/posts"}],"about":[{"href":"https:\/\/aeterrasave.net\/erasmus\/wp-json\/wp\/v2\/types\/post"}],"author":[{"embeddable":true,"href":"https:\/\/aeterrasave.net\/erasmus\/wp-json\/wp\/v2\/users\/1"}],"replies":[{"embeddable":true,"href":"https:\/\/aeterrasave.net\/erasmus\/wp-json\/wp\/v2\/comments?post=7068"}],"version-history":[{"count":0,"href":"https:\/\/aeterrasave.net\/erasmus\/wp-json\/wp\/v2\/posts\/7068\/revisions"}],"wp:featuredmedia":[{"embeddable":true,"href":"https:\/\/aeterrasave.net\/erasmus\/wp-json\/wp\/v2\/media\/7069"}],"wp:attachment":[{"href":"https:\/\/aeterrasave.net\/erasmus\/wp-json\/wp\/v2\/media?parent=7068"}],"wp:term":[{"taxonomy":"category","embeddable":true,"href":"https:\/\/aeterrasave.net\/erasmus\/wp-json\/wp\/v2\/categories?post=7068"},{"taxonomy":"post_tag","embeddable":true,"href":"https:\/\/aeterrasave.net\/erasmus\/wp-json\/wp\/v2\/tags?post=7068"},{"taxonomy":"author","embeddable":true,"href":"https:\/\/aeterrasave.net\/erasmus\/wp-json\/wp\/v2\/coauthors?post=7068"}],"curies":[{"name":"wp","href":"https:\/\/api.w.org\/{rel}","templated":true}]}}